{"id":165876,"date":"2020-08-03T14:55:46","date_gmt":"2020-08-03T17:55:46","guid":{"rendered":"https:\/\/diarioregionaldigital.com.br\/?p=165876"},"modified":"2020-08-03T14:55:46","modified_gmt":"2020-08-03T17:55:46","slug":"petrobras-reduz-preco-de-venda-do-gas-natural","status":"publish","type":"post","link":"https:\/\/diarioregionaldigital.com.br\/?p=165876","title":{"rendered":"Petrobras reduz pre\u00e7o de venda do g\u00e1s natural"},"content":{"rendered":"<p><span style=\"font-weight: 400;\">Os pre\u00e7os de venda de g\u00e1s natural para as distribuidoras est\u00e3o menores desde s\u00e1bado (1\u00ba). A queda foi decidida pela Petrobras, para reafirmar os compromissos definidos para o novo mercado de g\u00e1s natural do pa\u00eds. A companhia informou, nessa segunda-feira (3), que os contratos iniciados em janeiro de 2020 ter\u00e3o uma redu\u00e7\u00e3o acumulada m\u00e9dia de 48% em d\u00f3lar por milh\u00e3o de BTU (US$\/MMBtu), se comparado a dezembro de 2019. O percentual considera ainda a cota\u00e7\u00e3o do d\u00f3lar na data contratual de atualiza\u00e7\u00e3o do pre\u00e7o.<\/span><\/p>\n<p><span style=\"font-weight: 400;\">O BTU \u00e9 a unidade de medida de energia utilizada nos Estados Unidos e no Reino Unido. Quando medidos em real por metros c\u00fabicos (R$\/m\u00b3), os pre\u00e7os ter\u00e3o uma redu\u00e7\u00e3o m\u00e9dia acumulada de 35%, apesar da deprecia\u00e7\u00e3o do real.<\/span><\/p>\n<p><span style=\"font-weight: 400;\">\u201cA Petrobras reafirma seu compromisso com o processo de abertura do mercado de g\u00e1s natural, cujo Termo de Compromisso de Cessa\u00e7\u00e3o foi assinado em julho de 2019 com o Conselho Administrativo de Defesa Econ\u00f4mica (CADE). A companhia tem atuado para acelerar as etapas sob sua responsabilidade na busca pelo desenvolvimento de um mercado competitivo e sustent\u00e1vel\u201d, indicou.<\/span><\/p>\n<p><span style=\"font-weight: 400;\">A companhia destacou que os contratos de venda para as distribuidoras s\u00e3o p\u00fablicos e est\u00e3o dispon\u00edveis para consulta no site da Ag\u00eancia Nacional do Petr\u00f3leo, G\u00e1s Natural e Biocombust\u00edveis (ANP), mas pontuou que a varia\u00e7\u00e3o segue o pre\u00e7o internacional. \u201cA redu\u00e7\u00e3o no pre\u00e7o reflete os novos contratos de venda com as distribuidoras, em que o pre\u00e7o da mol\u00e9cula de g\u00e1s est\u00e1 atrelado \u00e0 varia\u00e7\u00e3o do pre\u00e7o do petr\u00f3leo no mercado internacional, cuja revis\u00e3o \u00e9 realizada trimestralmente\u201d.<\/span><\/p>\n<p><span style=\"font-weight: 400;\">Conforme a estatal, o pre\u00e7o final do g\u00e1s natural ao consumidor n\u00e3o \u00e9 determinado apenas pelo custo da mol\u00e9cula de g\u00e1s e do transporte, mas inclui as margens das distribuidoras e os tributos federais e estaduais. \u201cAl\u00e9m disso, o processo de aprova\u00e7\u00e3o das tarifas \u00e9 realizado pelas ag\u00eancias reguladoras estaduais, conforme legisla\u00e7\u00e3o e regula\u00e7\u00e3o espec\u00edficas\u201d, completou.<\/span><\/p>\n<p><strong>Fonte:<\/strong> Ag\u00eancia Brasil<\/p>\n","protected":false},"excerpt":{"rendered":"<p>Os pre\u00e7os de venda de g\u00e1s natural para as distribuidoras est\u00e3o menores desde s\u00e1bado (1\u00ba). A queda foi decidida pela Petrobras, para reafirmar os compromissos definidos para o novo mercado de g\u00e1s natural do pa\u00eds. A companhia informou, nessa segunda-feira (3), que os contratos iniciados em janeiro de 2020 ter\u00e3o uma redu\u00e7\u00e3o acumulada m\u00e9dia de [&hellip;]<\/p>\n","protected":false},"author":96,"featured_media":165877,"comment_status":"closed","ping_status":"closed","sticky":false,"template":"","format":"standard","meta":{"footnotes":""},"categories":[436,261,439],"tags":[],"class_list":["post-165876","post","type-post","status-publish","format-standard","has-post-thumbnail","hentry","category-destaque-da-semana","category-economia","category-ultima-hora"],"_links":{"self":[{"href":"https:\/\/diarioregionaldigital.com.br\/index.php?rest_route=\/wp\/v2\/posts\/165876","targetHints":{"allow":["GET"]}}],"collection":[{"href":"https:\/\/diarioregionaldigital.com.br\/index.php?rest_route=\/wp\/v2\/posts"}],"about":[{"href":"https:\/\/diarioregionaldigital.com.br\/index.php?rest_route=\/wp\/v2\/types\/post"}],"author":[{"embeddable":true,"href":"https:\/\/diarioregionaldigital.com.br\/index.php?rest_route=\/wp\/v2\/users\/96"}],"replies":[{"embeddable":true,"href":"https:\/\/diarioregionaldigital.com.br\/index.php?rest_route=%2Fwp%2Fv2%2Fcomments&post=165876"}],"version-history":[{"count":0,"href":"https:\/\/diarioregionaldigital.com.br\/index.php?rest_route=\/wp\/v2\/posts\/165876\/revisions"}],"wp:featuredmedia":[{"embeddable":true,"href":"https:\/\/diarioregionaldigital.com.br\/index.php?rest_route=\/wp\/v2\/media\/165877"}],"wp:attachment":[{"href":"https:\/\/diarioregionaldigital.com.br\/index.php?rest_route=%2Fwp%2Fv2%2Fmedia&parent=165876"}],"wp:term":[{"taxonomy":"category","embeddable":true,"href":"https:\/\/diarioregionaldigital.com.br\/index.php?rest_route=%2Fwp%2Fv2%2Fcategories&post=165876"},{"taxonomy":"post_tag","embeddable":true,"href":"https:\/\/diarioregionaldigital.com.br\/index.php?rest_route=%2Fwp%2Fv2%2Ftags&post=165876"}],"curies":[{"name":"wp","href":"https:\/\/api.w.org\/{rel}","templated":true}]}}