{"id":165870,"date":"2020-08-03T14:38:39","date_gmt":"2020-08-03T17:38:39","guid":{"rendered":"https:\/\/diarioregionaldigital.com.br\/?p=165870"},"modified":"2020-08-03T14:38:39","modified_gmt":"2020-08-03T17:38:39","slug":"saude-registra-133-743-casos-confirmados-por-coronavirus","status":"publish","type":"post","link":"https:\/\/diarioregionaldigital.com.br\/?p=165870","title":{"rendered":"Sa\u00fade registra 133.743 casos confirmados por Coronav\u00edrus"},"content":{"rendered":"<p>A Secretaria de Estado da Sa\u00fade de Minas Gerais (SES-MG), informa em\u00a0<a href=\"https:\/\/www.saude.mg.gov.br\/images\/1_noticias\/10_2020\/1_jul-ago-set\/03-08_Boletim_Epidemiologico_COVID-19.pdf\">boletim epidemiol\u00f3gico<\/a> desta segunda-feira (3), que o estado chegou a marca de 133.743 casos confirmados por Coronav\u00edrus. Conforme o levantamento, o n\u00famero de \u00f3bitos chega a 2.894 e 102.562 pacientes est\u00e3o recuperados, representando 76,6% dos casos. Al\u00e9m disso, 28.287 fazem acompanhamento m\u00e9dico. At\u00e9 ent\u00e3o foram feitos 74.930 testes laboratoriais, sendo que 18.208 deram positivo, 54.149 deram negativo e 1.260 est\u00e3o sob an\u00e1lise.<\/p>\n<p>Confira abaixo a tabela completa com os \u00f3bitos confirmados no estado:<\/p>\n<p><a href=\"https:\/\/diarioregionaldigital.com.br\/wp-content\/uploads\/2020\/08\/03-08_OBITOS_CONF_COVID-19_MG.xlsx\">03-08_OBITOS_CONF_COVID-19_MG<\/a><\/p>\n","protected":false},"excerpt":{"rendered":"<p>A Secretaria de Estado da Sa\u00fade de Minas Gerais (SES-MG), informa em\u00a0boletim epidemiol\u00f3gico desta segunda-feira (3), que o estado chegou a marca de 133.743 casos confirmados por Coronav\u00edrus. Conforme o levantamento, o n\u00famero de \u00f3bitos chega a 2.894 e 102.562 pacientes est\u00e3o recuperados, representando 76,6% dos casos. Al\u00e9m disso, 28.287 fazem acompanhamento m\u00e9dico. At\u00e9 ent\u00e3o [&hellip;]<\/p>\n","protected":false},"author":96,"featured_media":165245,"comment_status":"closed","ping_status":"closed","sticky":false,"template":"","format":"standard","meta":{"footnotes":""},"categories":[436,440,252,439],"tags":[],"class_list":["post-165870","post","type-post","status-publish","format-standard","has-post-thumbnail","hentry","category-destaque-da-semana","category-destaques-do-dia","category-regiao","category-ultima-hora"],"_links":{"self":[{"href":"https:\/\/diarioregionaldigital.com.br\/index.php?rest_route=\/wp\/v2\/posts\/165870","targetHints":{"allow":["GET"]}}],"collection":[{"href":"https:\/\/diarioregionaldigital.com.br\/index.php?rest_route=\/wp\/v2\/posts"}],"about":[{"href":"https:\/\/diarioregionaldigital.com.br\/index.php?rest_route=\/wp\/v2\/types\/post"}],"author":[{"embeddable":true,"href":"https:\/\/diarioregionaldigital.com.br\/index.php?rest_route=\/wp\/v2\/users\/96"}],"replies":[{"embeddable":true,"href":"https:\/\/diarioregionaldigital.com.br\/index.php?rest_route=%2Fwp%2Fv2%2Fcomments&post=165870"}],"version-history":[{"count":0,"href":"https:\/\/diarioregionaldigital.com.br\/index.php?rest_route=\/wp\/v2\/posts\/165870\/revisions"}],"wp:featuredmedia":[{"embeddable":true,"href":"https:\/\/diarioregionaldigital.com.br\/index.php?rest_route=\/wp\/v2\/media\/165245"}],"wp:attachment":[{"href":"https:\/\/diarioregionaldigital.com.br\/index.php?rest_route=%2Fwp%2Fv2%2Fmedia&parent=165870"}],"wp:term":[{"taxonomy":"category","embeddable":true,"href":"https:\/\/diarioregionaldigital.com.br\/index.php?rest_route=%2Fwp%2Fv2%2Fcategories&post=165870"},{"taxonomy":"post_tag","embeddable":true,"href":"https:\/\/diarioregionaldigital.com.br\/index.php?rest_route=%2Fwp%2Fv2%2Ftags&post=165870"}],"curies":[{"name":"wp","href":"https:\/\/api.w.org\/{rel}","templated":true}]}}