{"id":165858,"date":"2020-08-02T08:31:19","date_gmt":"2020-08-02T11:31:19","guid":{"rendered":"https:\/\/diarioregionaldigital.com.br\/?p=165858"},"modified":"2020-08-02T08:31:19","modified_gmt":"2020-08-02T11:31:19","slug":"organizar-faz-parte","status":"publish","type":"post","link":"https:\/\/diarioregionaldigital.com.br\/?p=165858","title":{"rendered":"ORGANIZAR FAZ PARTE"},"content":{"rendered":"<p>Que tal dar uma olhada no seu guarda- roupa? Suas pe\u00e7as contam hist\u00f3rias e carregam muito de sua ess\u00eancia. Mas ser\u00e1 que tudo que tem nele voc\u00ea realmente usa? Tire um tempinho para fazer combina\u00e7\u00f5es e experimenta\u00e7\u00f5es criativas com suas pe\u00e7as. Assim, quando for sair, voc\u00ea ter\u00e1 v\u00e1rios looks diferentes com as roupas que j\u00e1 tem em casa. E as que n\u00e3o ca\u00edrem t\u00e3o bem, podem ser doadas ou at\u00e9 mesmo vendidas em bazares virtuais.<\/p>\n<p>&nbsp;<\/p>\n<p><a href=\"https:\/\/diarioregionaldigital.com.br\/wp-content\/uploads\/2020\/08\/diario-pagina-06-16.pdf\">CLIQUE AQUI PARA LER A COLUNA COMPLETA<\/a><\/p>\n","protected":false},"excerpt":{"rendered":"<p>Que tal dar uma olhada no seu guarda- roupa? Suas pe\u00e7as contam hist\u00f3rias e carregam muito de sua ess\u00eancia. Mas ser\u00e1 que tudo que tem nele voc\u00ea realmente usa? Tire um tempinho para fazer combina\u00e7\u00f5es e experimenta\u00e7\u00f5es criativas com suas pe\u00e7as. Assim, quando for sair, voc\u00ea ter\u00e1 v\u00e1rios looks diferentes com as roupas que j\u00e1 [&hellip;]<\/p>\n","protected":false},"author":96,"featured_media":165860,"comment_status":"closed","ping_status":"closed","sticky":false,"template":"","format":"standard","meta":{"footnotes":""},"categories":[1230],"tags":[],"class_list":["post-165858","post","type-post","status-publish","format-standard","has-post-thumbnail","hentry","category-moda-maria-carolina"],"_links":{"self":[{"href":"https:\/\/diarioregionaldigital.com.br\/index.php?rest_route=\/wp\/v2\/posts\/165858","targetHints":{"allow":["GET"]}}],"collection":[{"href":"https:\/\/diarioregionaldigital.com.br\/index.php?rest_route=\/wp\/v2\/posts"}],"about":[{"href":"https:\/\/diarioregionaldigital.com.br\/index.php?rest_route=\/wp\/v2\/types\/post"}],"author":[{"embeddable":true,"href":"https:\/\/diarioregionaldigital.com.br\/index.php?rest_route=\/wp\/v2\/users\/96"}],"replies":[{"embeddable":true,"href":"https:\/\/diarioregionaldigital.com.br\/index.php?rest_route=%2Fwp%2Fv2%2Fcomments&post=165858"}],"version-history":[{"count":0,"href":"https:\/\/diarioregionaldigital.com.br\/index.php?rest_route=\/wp\/v2\/posts\/165858\/revisions"}],"wp:featuredmedia":[{"embeddable":true,"href":"https:\/\/diarioregionaldigital.com.br\/index.php?rest_route=\/wp\/v2\/media\/165860"}],"wp:attachment":[{"href":"https:\/\/diarioregionaldigital.com.br\/index.php?rest_route=%2Fwp%2Fv2%2Fmedia&parent=165858"}],"wp:term":[{"taxonomy":"category","embeddable":true,"href":"https:\/\/diarioregionaldigital.com.br\/index.php?rest_route=%2Fwp%2Fv2%2Fcategories&post=165858"},{"taxonomy":"post_tag","embeddable":true,"href":"https:\/\/diarioregionaldigital.com.br\/index.php?rest_route=%2Fwp%2Fv2%2Ftags&post=165858"}],"curies":[{"name":"wp","href":"https:\/\/api.w.org\/{rel}","templated":true}]}}