{"id":165853,"date":"2020-08-01T14:39:29","date_gmt":"2020-08-01T17:39:29","guid":{"rendered":"https:\/\/diarioregionaldigital.com.br\/?p=165853"},"modified":"2020-08-01T14:39:29","modified_gmt":"2020-08-01T17:39:29","slug":"lewis-hamilton-larga-na-frente-em-silverstone","status":"publish","type":"post","link":"https:\/\/diarioregionaldigital.com.br\/?p=165853","title":{"rendered":"Lewis Hamilton larga na frente em Silverstone"},"content":{"rendered":"<p>O ingl\u00eas Lewis Hamilton da Mercedes, mais uma vez, cravou pole position em Silverstone na Inglaterra e alcan\u00e7a a impressionante marca de 91 poles na hist\u00f3ria da F1. O atual hexacampe\u00e3o n\u00e3o liderou nenhum treino deste fim de semana, no entanto, na hora da verdade foi o mais r\u00e1pido no treino de classifica\u00e7\u00e3o, com 1:24.303. Seu companheiro Valtteri Bottas larga em segundo com 1:24.616.<\/p>\n<p>A segunda fila do grid ser\u00e1 formada por Max Verstappen da Red Bull e Charles Leclerc da Ferrari, em 3\u00ba e 4\u00ba lugares respectivamente. O restante dos dez primeiros colocados do grid terminou assim: Lando Norris da McLaren em 5\u00ba, Lance Stroll da Racing Point em 6\u00ba, Carlos Sainz da McLaren em 7\u00ba, Daniel Ricciardo e Esteban Ocon ambos da Renault em 8\u00ba e 9\u00ba respectivamente, e Sebastian Vettel da Ferrari num discreto 10\u00ba lugar.<\/p>\n<p>A corrida ser\u00e1 amanh\u00e3, as 10h10 (hor\u00e1rio de Bras\u00edlia), ser\u00e3o 52 voltas pelo Circuito de Silverstone na Inglaterra.<\/p>\n<p><strong>Resultado final<\/strong><\/p>\n<p><img decoding=\"async\" src=\"https:\/\/s2.glbimg.com\/2fYBVKJkzed6iOFQCeODb46Wgqw=\/0x0:1024x576\/984x0\/smart\/filters:strip_icc()\/i.s3.glbimg.com\/v1\/AUTH_bc8228b6673f488aa253bbcb03c80ec5\/internal_photos\/bs\/2020\/L\/C\/SKGIznRTKDG58kiNydgA\/q3silverstone.jfif\" alt=\"Resultado da classifica\u00e7\u00e3o do GP da Inglaterra \u2014 Foto: Reprodu\u00e7\u00e3o\/FOM\" \/><\/p>\n<p><em>Nota: Daniil Kvyat perdeu cinco posi\u00e7\u00f5es por troca de c\u00e2mbio e, com isso, caiu de 14\u00ba para 19\u00ba. George Russell, Kevin Magnussen, Antonio Giovinazzi, Kimi Raikkonen e Romain Grosjean ganharam uma posi\u00e7\u00e3o cada.<\/em><\/p>\n","protected":false},"excerpt":{"rendered":"<p>O ingl\u00eas Lewis Hamilton da Mercedes, mais uma vez, cravou pole position em Silverstone na Inglaterra e alcan\u00e7a a impressionante marca de 91 poles na hist\u00f3ria da F1. O atual hexacampe\u00e3o n\u00e3o liderou nenhum treino deste fim de semana, no entanto, na hora da verdade foi o mais r\u00e1pido no treino de classifica\u00e7\u00e3o, com 1:24.303. [&hellip;]<\/p>\n","protected":false},"author":96,"featured_media":165854,"comment_status":"closed","ping_status":"closed","sticky":false,"template":"","format":"standard","meta":{"footnotes":""},"categories":[436,257,439],"tags":[],"class_list":["post-165853","post","type-post","status-publish","format-standard","has-post-thumbnail","hentry","category-destaque-da-semana","category-esporte","category-ultima-hora"],"_links":{"self":[{"href":"https:\/\/diarioregionaldigital.com.br\/index.php?rest_route=\/wp\/v2\/posts\/165853","targetHints":{"allow":["GET"]}}],"collection":[{"href":"https:\/\/diarioregionaldigital.com.br\/index.php?rest_route=\/wp\/v2\/posts"}],"about":[{"href":"https:\/\/diarioregionaldigital.com.br\/index.php?rest_route=\/wp\/v2\/types\/post"}],"author":[{"embeddable":true,"href":"https:\/\/diarioregionaldigital.com.br\/index.php?rest_route=\/wp\/v2\/users\/96"}],"replies":[{"embeddable":true,"href":"https:\/\/diarioregionaldigital.com.br\/index.php?rest_route=%2Fwp%2Fv2%2Fcomments&post=165853"}],"version-history":[{"count":0,"href":"https:\/\/diarioregionaldigital.com.br\/index.php?rest_route=\/wp\/v2\/posts\/165853\/revisions"}],"wp:featuredmedia":[{"embeddable":true,"href":"https:\/\/diarioregionaldigital.com.br\/index.php?rest_route=\/wp\/v2\/media\/165854"}],"wp:attachment":[{"href":"https:\/\/diarioregionaldigital.com.br\/index.php?rest_route=%2Fwp%2Fv2%2Fmedia&parent=165853"}],"wp:term":[{"taxonomy":"category","embeddable":true,"href":"https:\/\/diarioregionaldigital.com.br\/index.php?rest_route=%2Fwp%2Fv2%2Fcategories&post=165853"},{"taxonomy":"post_tag","embeddable":true,"href":"https:\/\/diarioregionaldigital.com.br\/index.php?rest_route=%2Fwp%2Fv2%2Ftags&post=165853"}],"curies":[{"name":"wp","href":"https:\/\/api.w.org\/{rel}","templated":true}]}}