{"id":165828,"date":"2020-07-31T19:25:48","date_gmt":"2020-07-31T22:25:48","guid":{"rendered":"https:\/\/diarioregionaldigital.com.br\/?p=165828"},"modified":"2020-07-31T19:25:48","modified_gmt":"2020-07-31T22:25:48","slug":"bar-e-interditado-e-outro-notificado-em-acao-noturna-de-enfrentamento-a-pandemia","status":"publish","type":"post","link":"https:\/\/diarioregionaldigital.com.br\/?p=165828","title":{"rendered":"Bar \u00e9 interditado e outro notificado em a\u00e7\u00e3o noturna de enfrentamento \u00e0 pandemia"},"content":{"rendered":"<p>Em a\u00e7\u00e3o conjunta de fiscaliza\u00e7\u00e3o realizada na noite de quinta-feira, 30, um bar foi interditado no Bairro Po\u00e7o Rico, por estar em funcionamento, infringindo os decretos que definem medidas de enfrentamento \u00e0 pandemia de coronav\u00edrus em Juiz de Fora. Outro estabelecimento foi notificado da irregularidade no Costa Carvalho. Os dois tiveram que encerrar o atendimento ao p\u00fablico e fechar as portas. O primeiro j\u00e1 havia sido flagrado em funcionamento durante vistoria anterior, quando recebeu notifica\u00e7\u00e3o. Caso volte a abrir, o propriet\u00e1rio pode receber multa de R$ 48 mil.<\/p>\n<p>A dilig\u00eancia noturna percorreu nove bairros durante o trabalho noturno. Nos bairros de Lourdes, Mundo Novo, Alto dos Passos, S\u00e3o Mateus, Granbery, Santa Cec\u00edlia e Dom Bosco nenhum estabelecimento foi flagrado em funcionamento. A opera\u00e7\u00e3o \u00e9 realizada em parceria pelas secretarias de Meio Ambiente e Ordenamento Urbano (Semaur) e de Transportes e Tr\u00e2nsito (Settra) e Guarda Municipal (GM).<\/p>\n<p>As a\u00e7\u00f5es conjuntas acontecem regularmente toda semana, de quinta-feira a domingo, com foco na verifica\u00e7\u00e3o das den\u00fancias de descumprimento das medidas de seguran\u00e7a recebidas pela Central da GM, atrav\u00e9s do telefone 153; pela Semaur, no 3690-7507; e pelo canal da Ouvidoria do Munic\u00edpio, o\u00a0\u201cFala.Br\u201d. Essas den\u00fancias formam relat\u00f3rios que orientam o planejamento dos locais a serem vistoriados em hor\u00e1rios alternativos.<\/p>\n<p><strong>Fonte:\u00a0<\/strong>Assessoria<\/p>\n","protected":false},"excerpt":{"rendered":"<p>Em a\u00e7\u00e3o conjunta de fiscaliza\u00e7\u00e3o realizada na noite de quinta-feira, 30, um bar foi interditado no Bairro Po\u00e7o Rico, por estar em funcionamento, infringindo os decretos que definem medidas de enfrentamento \u00e0 pandemia de coronav\u00edrus em Juiz de Fora. Outro estabelecimento foi notificado da irregularidade no Costa Carvalho. Os dois tiveram que encerrar o atendimento [&hellip;]<\/p>\n","protected":false},"author":96,"featured_media":165829,"comment_status":"closed","ping_status":"closed","sticky":false,"template":"","format":"standard","meta":{"footnotes":""},"categories":[253,436,439],"tags":[],"class_list":["post-165828","post","type-post","status-publish","format-standard","has-post-thumbnail","hentry","category-cidade","category-destaque-da-semana","category-ultima-hora"],"_links":{"self":[{"href":"https:\/\/diarioregionaldigital.com.br\/index.php?rest_route=\/wp\/v2\/posts\/165828","targetHints":{"allow":["GET"]}}],"collection":[{"href":"https:\/\/diarioregionaldigital.com.br\/index.php?rest_route=\/wp\/v2\/posts"}],"about":[{"href":"https:\/\/diarioregionaldigital.com.br\/index.php?rest_route=\/wp\/v2\/types\/post"}],"author":[{"embeddable":true,"href":"https:\/\/diarioregionaldigital.com.br\/index.php?rest_route=\/wp\/v2\/users\/96"}],"replies":[{"embeddable":true,"href":"https:\/\/diarioregionaldigital.com.br\/index.php?rest_route=%2Fwp%2Fv2%2Fcomments&post=165828"}],"version-history":[{"count":0,"href":"https:\/\/diarioregionaldigital.com.br\/index.php?rest_route=\/wp\/v2\/posts\/165828\/revisions"}],"wp:featuredmedia":[{"embeddable":true,"href":"https:\/\/diarioregionaldigital.com.br\/index.php?rest_route=\/wp\/v2\/media\/165829"}],"wp:attachment":[{"href":"https:\/\/diarioregionaldigital.com.br\/index.php?rest_route=%2Fwp%2Fv2%2Fmedia&parent=165828"}],"wp:term":[{"taxonomy":"category","embeddable":true,"href":"https:\/\/diarioregionaldigital.com.br\/index.php?rest_route=%2Fwp%2Fv2%2Fcategories&post=165828"},{"taxonomy":"post_tag","embeddable":true,"href":"https:\/\/diarioregionaldigital.com.br\/index.php?rest_route=%2Fwp%2Fv2%2Ftags&post=165828"}],"curies":[{"name":"wp","href":"https:\/\/api.w.org\/{rel}","templated":true}]}}