{"id":165826,"date":"2020-07-31T18:52:16","date_gmt":"2020-07-31T21:52:16","guid":{"rendered":"https:\/\/diarioregionaldigital.com.br\/?p=165826"},"modified":"2020-07-31T18:52:16","modified_gmt":"2020-07-31T21:52:16","slug":"boletim-covid-19-juiz-de-fora-registra-mais-duas-mortes-e-79-casos-confirmados-em-24-horas","status":"publish","type":"post","link":"https:\/\/diarioregionaldigital.com.br\/?p=165826","title":{"rendered":"Boletim Covid-19 &#8211; Juiz de Fora registra mais duas mortes e 79 casos confirmados em 24 horas"},"content":{"rendered":"<div id=\"box_texto_noticia\">A Secretaria de Sa\u00fade (SS) da Prefeitura de Juiz de Fora (PJF) registrou nesta sexta-feira, 31, mais duas mortes pelo coronav\u00edrus no munic\u00edpio, contabilizando 116 \u00f3bitos. Uma das v\u00edtimas \u00e9 um idoso, de 64 anos, que morreu nessa quinta-feira, 30. Ele tinha Diabetes Mellitus (DM), Hipertens\u00e3o Arterial Sist\u00eamica (HAS) e Doen\u00e7a Renal Cr\u00f4nica (DRC). O outro \u00f3bito \u00e9 de um homem, de 55 anos, que morreu nesta sexta, 31. Ele tinha Doen\u00e7a Cardiovascular Cr\u00f4nica (DCC) e Diabetes Mellitus (DM).<\/p>\n<p>Com as atualiza\u00e7\u00f5es, mais 79 novos casos foram confirmados, totalizando 3.539 pessoas infectadas. O boletim ainda registrou mais 183 novas suspeitas, contabilizando 13.132.\u00a0<b>Todos os dados s\u00e3o referentes a moradores de Juiz de Fora.<\/b><\/p>\n<p><b>Boletim desta sexta, 31<\/b><\/p>\n<p>&#8211; 13.132 suspeitos<br \/>\n&#8211; 3.539 confirmados<br \/>\n&#8211; 116 \u00f3bitos confirmados<\/p><\/div>\n<p><strong>Fonte:\u00a0<\/strong>Assessoria<\/p>\n<div id=\"box_compartilhar\" align=\"right\"><\/div>\n<div align=\"right\"><\/div>\n","protected":false},"excerpt":{"rendered":"<p>A Secretaria de Sa\u00fade (SS) da Prefeitura de Juiz de Fora (PJF) registrou nesta sexta-feira, 31, mais duas mortes pelo coronav\u00edrus no munic\u00edpio, contabilizando 116 \u00f3bitos. Uma das v\u00edtimas \u00e9 um idoso, de 64 anos, que morreu nessa quinta-feira, 30. Ele tinha Diabetes Mellitus (DM), Hipertens\u00e3o Arterial Sist\u00eamica (HAS) e Doen\u00e7a Renal Cr\u00f4nica (DRC). O [&hellip;]<\/p>\n","protected":false},"author":96,"featured_media":165516,"comment_status":"closed","ping_status":"closed","sticky":false,"template":"","format":"standard","meta":{"footnotes":""},"categories":[253,436,440,439],"tags":[],"class_list":["post-165826","post","type-post","status-publish","format-standard","has-post-thumbnail","hentry","category-cidade","category-destaque-da-semana","category-destaques-do-dia","category-ultima-hora"],"_links":{"self":[{"href":"https:\/\/diarioregionaldigital.com.br\/index.php?rest_route=\/wp\/v2\/posts\/165826","targetHints":{"allow":["GET"]}}],"collection":[{"href":"https:\/\/diarioregionaldigital.com.br\/index.php?rest_route=\/wp\/v2\/posts"}],"about":[{"href":"https:\/\/diarioregionaldigital.com.br\/index.php?rest_route=\/wp\/v2\/types\/post"}],"author":[{"embeddable":true,"href":"https:\/\/diarioregionaldigital.com.br\/index.php?rest_route=\/wp\/v2\/users\/96"}],"replies":[{"embeddable":true,"href":"https:\/\/diarioregionaldigital.com.br\/index.php?rest_route=%2Fwp%2Fv2%2Fcomments&post=165826"}],"version-history":[{"count":0,"href":"https:\/\/diarioregionaldigital.com.br\/index.php?rest_route=\/wp\/v2\/posts\/165826\/revisions"}],"wp:featuredmedia":[{"embeddable":true,"href":"https:\/\/diarioregionaldigital.com.br\/index.php?rest_route=\/wp\/v2\/media\/165516"}],"wp:attachment":[{"href":"https:\/\/diarioregionaldigital.com.br\/index.php?rest_route=%2Fwp%2Fv2%2Fmedia&parent=165826"}],"wp:term":[{"taxonomy":"category","embeddable":true,"href":"https:\/\/diarioregionaldigital.com.br\/index.php?rest_route=%2Fwp%2Fv2%2Fcategories&post=165826"},{"taxonomy":"post_tag","embeddable":true,"href":"https:\/\/diarioregionaldigital.com.br\/index.php?rest_route=%2Fwp%2Fv2%2Ftags&post=165826"}],"curies":[{"name":"wp","href":"https:\/\/api.w.org\/{rel}","templated":true}]}}