{"id":165814,"date":"2020-07-31T18:26:06","date_gmt":"2020-07-31T21:26:06","guid":{"rendered":"https:\/\/diarioregionaldigital.com.br\/?p=165814"},"modified":"2020-07-31T18:26:06","modified_gmt":"2020-07-31T21:26:06","slug":"reitor-da-ufjf-marcus-david-passa-a-integrar-nova-diretoria-executiva-da-andifes","status":"publish","type":"post","link":"https:\/\/diarioregionaldigital.com.br\/?p=165814","title":{"rendered":"Reitor da UFJF, Marcus David, passa a integrar nova Diretoria Executiva da Andifes"},"content":{"rendered":"<p><span style=\"font-weight: 400;\">O reitor da Universidade Federal de Juiz de Fora (UFJF), Marcus David, foi eleito vice-presidente da Diretoria Executiva da Associa\u00e7\u00e3o Nacional dos Dirigentes das Institui\u00e7\u00f5es Federais de Ensino Superior (Andifes). A vota\u00e7\u00e3o que ocorreu de forma remota, contou com a participa\u00e7\u00e3o de 54 reitores, sendo que\u00a0 46 votaram a favor da chapa \u00fanica e oito votaram em branco.<\/span><\/p>\n<p><span style=\"font-weight: 400;\">Para Marcus David, sua participa\u00e7\u00e3o na diretoria da Andifes, \u00e9 uma forma da UFJF ser representada, em uma associa\u00e7\u00e3o bastante expressiva no Brasil:<\/span><\/p>\n<p><span style=\"font-weight: 400;\">\u201cNessa posi\u00e7\u00e3o, como vice-presidente, gostaria de destacar que a nossa atua\u00e7\u00e3o segue no sentido de defender as universidades p\u00fablicas, enquanto patrim\u00f4nios do povo brasileiro. Institui\u00e7\u00f5es que garantem a forma\u00e7\u00e3o de qualidade do nosso pa\u00eds, a ci\u00eancia, a arte, a cultura, a inova\u00e7\u00e3o, e v\u00e1rios projetos sociais da maior relev\u00e2ncia. Esse patrim\u00f4nio, que s\u00e3o as universidades, precisa ser defendido.\u201d<\/span><\/p>\n<p><span style=\"font-weight: 400;\">Quanto \u00e0 presid\u00eancia, a vota\u00e7\u00e3o elegeu reitor da Universidade Federal de Goi\u00e1s (UFG), Edward Madureira, como presidente da associa\u00e7\u00e3o.\u00a0 Para o reitor eleito, a nova gest\u00e3o pretende dar sequ\u00eancia ao trabalho realizado pela associa\u00e7\u00e3o na interlocu\u00e7\u00e3o em defesa das universidades federais:<\/span><\/p>\n<p><span style=\"font-weight: 400;\">\u201cEstamos dando continuidade ao di\u00e1logo que \u00e9 caracter\u00edstico da Andifes. Daremos seguimento \u00e0s pautas pelas quais j\u00e1 v\u00ednhamos trabalhando, sempre orientados pela defesa da democracia, pela autonomia e pela valoriza\u00e7\u00e3o das nossas universidades\u201d.<\/span><\/p>\n<p><span style=\"font-weight: 400;\">J\u00e1 o ex-presidente, reitor da Universidade Federal da Bahia (UFBA), Jo\u00e3o Carlos Salles, afirmou que deixa a diretoria, mas mant\u00e9m o comprometimento com as universidades federais brasileiras:<\/span><\/p>\n<p><span style=\"font-weight: 400;\">\u00a0\u201cEsse \u00e9 um compromisso de todos n\u00f3s, de continuar ao lado da nova diretoria na luta pela nossa universidade p\u00fablica, gratuita, inclusiva e de qualidade. Deixo meu grande abra\u00e7o e desejo toda sorte \u00e0 diretoria eleita\u201d, finaliza.<\/span><\/p>\n<p><b>Componentes da nova diretoria<\/b><\/p>\n<ul>\n<li style=\"font-weight: 400;\"><span style=\"font-weight: 400;\">Presidente: Edward Madureira Brasil \u2013 Universidade Federal de Goi\u00e1s (UFG);<\/span><\/li>\n<li style=\"font-weight: 400;\"><span style=\"font-weight: 400;\">Primeiro vice-presidente; Marcus Vinicius David \u2013 Universidade Federal de Juiz de Fora (UFJF);<\/span><\/li>\n<li style=\"font-weight: 400;\"><span style=\"font-weight: 400;\">Suplente: <\/span><span style=\"font-weight: 400;\">Lu\u00eds Eduardo Bovolato<\/span><span style=\"font-weight: 400;\"> \u2013 Universidade Federal do Tocantins\u00a0 (UFT);<\/span><\/li>\n<li style=\"font-weight: 400;\"><span style=\"font-weight: 400;\">Segunda vice-presidente: <\/span><span style=\"font-weight: 400;\">Joana Ang\u00e9lica Guimar\u00e3es <\/span><span style=\"font-weight: 400;\">\u2013 Universidade Federal do Sul da Bahia (UFSB);<\/span><\/li>\n<li style=\"font-weight: 400;\"><span style=\"font-weight: 400;\">Suplente <\/span><span style=\"font-weight: 400;\">Paulo Afonso Burmann<\/span><span style=\"font-weight: 400;\"> \u2013 Universidade Federal de Santa Maria (UFSM).<\/span><\/li>\n<\/ul>\n<p>&nbsp;<\/p>\n<p>&nbsp;<\/p>\n","protected":false},"excerpt":{"rendered":"<p>O reitor da Universidade Federal de Juiz de Fora (UFJF), Marcus David, foi eleito vice-presidente da Diretoria Executiva da Associa\u00e7\u00e3o Nacional dos Dirigentes das Institui\u00e7\u00f5es Federais de Ensino Superior (Andifes). A vota\u00e7\u00e3o que ocorreu de forma remota, contou com a participa\u00e7\u00e3o de 54 reitores, sendo que\u00a0 46 votaram a favor da chapa \u00fanica e oito [&hellip;]<\/p>\n","protected":false},"author":96,"featured_media":165824,"comment_status":"closed","ping_status":"closed","sticky":false,"template":"","format":"standard","meta":{"footnotes":""},"categories":[253,436,439],"tags":[],"class_list":["post-165814","post","type-post","status-publish","format-standard","has-post-thumbnail","hentry","category-cidade","category-destaque-da-semana","category-ultima-hora"],"_links":{"self":[{"href":"https:\/\/diarioregionaldigital.com.br\/index.php?rest_route=\/wp\/v2\/posts\/165814","targetHints":{"allow":["GET"]}}],"collection":[{"href":"https:\/\/diarioregionaldigital.com.br\/index.php?rest_route=\/wp\/v2\/posts"}],"about":[{"href":"https:\/\/diarioregionaldigital.com.br\/index.php?rest_route=\/wp\/v2\/types\/post"}],"author":[{"embeddable":true,"href":"https:\/\/diarioregionaldigital.com.br\/index.php?rest_route=\/wp\/v2\/users\/96"}],"replies":[{"embeddable":true,"href":"https:\/\/diarioregionaldigital.com.br\/index.php?rest_route=%2Fwp%2Fv2%2Fcomments&post=165814"}],"version-history":[{"count":0,"href":"https:\/\/diarioregionaldigital.com.br\/index.php?rest_route=\/wp\/v2\/posts\/165814\/revisions"}],"wp:featuredmedia":[{"embeddable":true,"href":"https:\/\/diarioregionaldigital.com.br\/index.php?rest_route=\/wp\/v2\/media\/165824"}],"wp:attachment":[{"href":"https:\/\/diarioregionaldigital.com.br\/index.php?rest_route=%2Fwp%2Fv2%2Fmedia&parent=165814"}],"wp:term":[{"taxonomy":"category","embeddable":true,"href":"https:\/\/diarioregionaldigital.com.br\/index.php?rest_route=%2Fwp%2Fv2%2Fcategories&post=165814"},{"taxonomy":"post_tag","embeddable":true,"href":"https:\/\/diarioregionaldigital.com.br\/index.php?rest_route=%2Fwp%2Fv2%2Ftags&post=165814"}],"curies":[{"name":"wp","href":"https:\/\/api.w.org\/{rel}","templated":true}]}}