{"id":165808,"date":"2020-07-31T15:55:09","date_gmt":"2020-07-31T18:55:09","guid":{"rendered":"https:\/\/diarioregionaldigital.com.br\/?p=165808"},"modified":"2020-07-31T15:55:09","modified_gmt":"2020-07-31T18:55:09","slug":"pcmg-realiza-mutirao-e-ouve-mais-de-250-pessoas","status":"publish","type":"post","link":"https:\/\/diarioregionaldigital.com.br\/?p=165808","title":{"rendered":"PCMG realiza mutir\u00e3o e ouve mais de 250 pessoas"},"content":{"rendered":"<p><span style=\"font-weight: 400;\">A 1\u00aa Delegacia Regional de Juiz de Fora, da Pol\u00edcia Civil de Minas Gerais (PCMG), realizou no per\u00edodo dos dias 27 e 31 de julho, um mutir\u00e3o pelo munic\u00edpio, no qual foram ouvidas mais de 250 pessoas, <\/span><span style=\"font-weight: 400;\">entre elas, v\u00edtimas, suspeitos, testemunhas, detentos, entre outras. A a\u00e7\u00e3o foi feita em conjunto da 1\u00aa Delegacia Regional, junto com a Delegacia Especializada Antidrogas e da 4\u00aa Delegacia de Pol\u00edcia Civil, que abrange a regi\u00e3o Noroeste da cidade. A iniciativa resultou em dezenas de investiga\u00e7\u00f5es conclu\u00eddas.<\/span><\/p>\n<p><span style=\"font-weight: 400;\">Para o Delegado Regional de Juiz de Fora, Armando Av\u00f3lio Neto, os policiais tiveram sucesso em dar prosseguimento a mais de 150 procedimentos de Pol\u00edcia Judici\u00e1ria:<\/span><\/p>\n<p><span style=\"font-weight: 400;\">\u201cForam realizadas intima\u00e7\u00f5es em mais de 50 bairros da cidade e foram conclu\u00eddas investiga\u00e7\u00f5es de todos os tipos, envolvendo desde o tr\u00e1fico de drogas at\u00e9 crimes de menor potencial ofensivo.\u201d<\/span><\/p>\n<p><span style=\"font-weight: 400;\">A autoridade policial enfatiza que a a\u00e7\u00e3o contou com participa\u00e7\u00f5es de de policiais civis de diferentes delegacias da 1\u00aa Delegacia Regional da Pol\u00edcia Civil e h\u00e1 planos para estender essa opera\u00e7\u00e3o para outras regi\u00f5es:<\/span><\/p>\n<p><span style=\"font-weight: 400;\">\u201cPassamos por um momento de isolamento social, mas n\u00e3o podemos deixar de dar uma resposta \u00e0 sociedade frente \u00e0 criminalidade. Por isso, apoiamos a iniciativa dos escriv\u00e3es das Delegacias envolvidas e realizamos o mutir\u00e3o, atendendo a todas as diretrizes de um estado de calamidade p\u00fablica. Nosso objetivo \u00e9 estender a a\u00e7\u00e3o a outras delegacias.\u201d\u00a0<\/span><\/p>\n<p><span style=\"font-weight: 400;\">Para o Chefe do 4\u00ba Departamento de Pol\u00edcia Civil em Juiz de Fora, Delegado-Geral Gustavo Ad\u00e9lio Lara Ferreira \u201cO compromisso da institui\u00e7\u00e3o \u00e9 com a sociedade, objetivando sempre a paz social e a seguran\u00e7a dos cidad\u00e3os. E isso na pr\u00e1tica est\u00e1 sendo feito no \u00e2mbito do Departamento, sobretudo, na 1\u00aa Delegacia Regional de Juiz de Fora, com mutir\u00f5es objetivando acelerar procedimentos a fim de chegar \u00e0 verdade real desses feitos. E quem ganha com isso \u00e9 a pr\u00f3pria popula\u00e7\u00e3o, pois com a conclus\u00e3o c\u00e9lere desses procedimentos, muitos marginais responder\u00e3o penalmente pelos atos praticados\u201d, concluiu, parabenizando as equipes que se empenharem nas atividades.<\/span><\/p>\n","protected":false},"excerpt":{"rendered":"<p>A 1\u00aa Delegacia Regional de Juiz de Fora, da Pol\u00edcia Civil de Minas Gerais (PCMG), realizou no per\u00edodo dos dias 27 e 31 de julho, um mutir\u00e3o pelo munic\u00edpio, no qual foram ouvidas mais de 250 pessoas, entre elas, v\u00edtimas, suspeitos, testemunhas, detentos, entre outras. A a\u00e7\u00e3o foi feita em conjunto da 1\u00aa Delegacia Regional, [&hellip;]<\/p>\n","protected":false},"author":96,"featured_media":165809,"comment_status":"closed","ping_status":"closed","sticky":false,"template":"","format":"standard","meta":{"footnotes":""},"categories":[301,436,439],"tags":[],"class_list":["post-165808","post","type-post","status-publish","format-standard","has-post-thumbnail","hentry","category-artigos-policiais","category-destaque-da-semana","category-ultima-hora"],"_links":{"self":[{"href":"https:\/\/diarioregionaldigital.com.br\/index.php?rest_route=\/wp\/v2\/posts\/165808","targetHints":{"allow":["GET"]}}],"collection":[{"href":"https:\/\/diarioregionaldigital.com.br\/index.php?rest_route=\/wp\/v2\/posts"}],"about":[{"href":"https:\/\/diarioregionaldigital.com.br\/index.php?rest_route=\/wp\/v2\/types\/post"}],"author":[{"embeddable":true,"href":"https:\/\/diarioregionaldigital.com.br\/index.php?rest_route=\/wp\/v2\/users\/96"}],"replies":[{"embeddable":true,"href":"https:\/\/diarioregionaldigital.com.br\/index.php?rest_route=%2Fwp%2Fv2%2Fcomments&post=165808"}],"version-history":[{"count":0,"href":"https:\/\/diarioregionaldigital.com.br\/index.php?rest_route=\/wp\/v2\/posts\/165808\/revisions"}],"wp:featuredmedia":[{"embeddable":true,"href":"https:\/\/diarioregionaldigital.com.br\/index.php?rest_route=\/wp\/v2\/media\/165809"}],"wp:attachment":[{"href":"https:\/\/diarioregionaldigital.com.br\/index.php?rest_route=%2Fwp%2Fv2%2Fmedia&parent=165808"}],"wp:term":[{"taxonomy":"category","embeddable":true,"href":"https:\/\/diarioregionaldigital.com.br\/index.php?rest_route=%2Fwp%2Fv2%2Fcategories&post=165808"},{"taxonomy":"post_tag","embeddable":true,"href":"https:\/\/diarioregionaldigital.com.br\/index.php?rest_route=%2Fwp%2Fv2%2Ftags&post=165808"}],"curies":[{"name":"wp","href":"https:\/\/api.w.org\/{rel}","templated":true}]}}