{"id":165805,"date":"2020-07-31T15:41:38","date_gmt":"2020-07-31T18:41:38","guid":{"rendered":"https:\/\/diarioregionaldigital.com.br\/?p=165805"},"modified":"2020-07-31T15:41:38","modified_gmt":"2020-07-31T18:41:38","slug":"covid-19-minas-gerais-e-o-estado-com-menor-taxa-de-obito-por-100-mil-habitantes","status":"publish","type":"post","link":"https:\/\/diarioregionaldigital.com.br\/?p=165805","title":{"rendered":"Covid-19: Minas Gerais \u00e9 o estado com menor taxa de \u00f3bito por 100 mil habitantes"},"content":{"rendered":"<p>Em coletiva virtual desta sexta-feira (31), o chefe de Gabinete da Secretaria de Estado de Sa\u00fade de Minas Gerais (SES-MG), Jo\u00e3o Pinho, informou que o estado apresenta a menor taxa de \u00f3bito pela covid-19\u00a0por 100 mil habitantes.<\/p>\n<p>\u201cEstamos bem satisfeitos com o trabalho que vem sendo realizado, fruto de um movimento de muitos profissionais tanto do Estado, quanto dos munic\u00edpios e tamb\u00e9m de outras secretarias que partilham\u00a0deste cotidiano conosco\u201d, afirmou Jo\u00e3o Pinho.<\/p>\n<p>At\u00e9 o momento,\u00a0foram registrados\u00a02.769 \u00f3bitos por covid-19 em Minas e a taxa de mortalidade no estado \u00e9 de 12,7 por 100 mil habitantes, segundo o Minist\u00e9rio da Sa\u00fade. Nesse contexto,\u00a0Jo\u00e3o Pinho destacou o rigor\u00a0de\u00a0crit\u00e9rios para testagem adotados pela SES-MG. \u201cNossos crit\u00e9rios s\u00e3o muito bem trabalhados e vale refor\u00e7ar que todos os \u00f3bitos suspeitos s\u00e3o testados\u201d, disse.<\/p>\n<p>Minas Gerais j\u00e1 vinha mantendo a posi\u00e7\u00e3o de segunda menor taxa de mortalidade por covid-19 no pa\u00eds. Em\u00a0coletiva\u00a0do \u00faltimo dia 20\/7, o secret\u00e1rio de Estado de Sa\u00fade, Carlos Eduardo Amaral,\u00a0destacou\u00a0uma propens\u00e3o \u00e0 estabiliza\u00e7\u00e3o de\u00a0\u00f3bitos, considerando\u00a0a data de ocorr\u00eancia.<\/p>\n<p><strong>A\u00e7\u00f5es<\/strong><\/p>\n<p>O primeiro caso da covid-19 em Minas Gerais\u00a0foi confirmado\u00a0em 8 de mar\u00e7o. Mas, desde o in\u00edcio do ano, o Governo de Minas vem atuando preventivamente no enfrentamento \u00e0 pandemia.<\/p>\n<p>Em janeiro, foi\u00a0criado o Centro de Opera\u00e7\u00f5es de Emerg\u00eancia em Sa\u00fade (Coes-Minas)\u00a0para monitoramento e estudo dos casos e para atua\u00e7\u00e3o na tomada de decis\u00f5es, organizando, assim, as a\u00e7\u00f5es de enfrentamento. No\u00a0m\u00eas seguinte, em\u00a027 de\u00a0fevereiro, a SES-MG apresentou o Plano de Conting\u00eancia para Emerg\u00eancia em Sa\u00fade P\u00fablica Covid-19.<\/p>\n<p>Em abril,\u00a0com o objetivo de garantir Equipamentos de Prote\u00e7\u00e3o Individual (EPIs) para profissionais de Sa\u00fade que trabalham na linha frente contra a\u00a0covid-19 no estado, foi lan\u00e7ado o programa\u00a0Protege Minas. No mesmo m\u00eas tamb\u00e9m teve in\u00edcio o plano\u00a0Minas Consciente, para\u00a0orientar prefeitos na retomada segura das atividades econ\u00f4micas, a partir de crit\u00e9rios t\u00e9cnicos e epidemiol\u00f3gicos.<\/p>\n<p>Com\u00a0rela\u00e7\u00e3o \u00e0 qualifica\u00e7\u00e3o da rede de sa\u00fade p\u00fablica de Minas Gerais, de fevereiro a julho deste ano, foram abertos 1.655 leitos de UTI em todo o estado.\u00a0Al\u00e9m disso,\u00a0o\u00a0governo\u00a0adquiriu 1.047\u00a0respiradores para auxiliar os munic\u00edpios no enfrentamento da pandemia.\u00a0Outros 343 equipamentos foram enviados ao estado pelo Minist\u00e9rio da Sa\u00fade, sendo 174 para uso em UTI\u2019s, e 169 ventiladores de transporte, utilizados em ambul\u00e2ncias.<\/p>\n<p>Todos os 1.390\u00a0respiradores\u00a0que chegaram a Minas durante a pandemia\u00a0far\u00e3o parte do legado do Estado para a Rede P\u00fablica de Sa\u00fade.<\/p>\n<p>\u201cChegar a este momento de plat\u00f4, que tudo indica ser o \u00e1pice da doen\u00e7a em Minas Gerais, com essa taxa de mortalidade e com n\u00fameros bem abaixo dos registrados em outros estados, mostra-nos que o trabalho realizado at\u00e9 aqui no enfrentamento \u00e0 epidemia est\u00e1 no caminho adequado\u201d, disse\u00a0o\u00a0chefe de Gabinete da SES-MG, Jo\u00e3o Pinho.<\/p>\n<p><strong>Fonte:\u00a0<\/strong>Ag\u00eancia Minas<\/p>\n","protected":false},"excerpt":{"rendered":"<p>Em coletiva virtual desta sexta-feira (31), o chefe de Gabinete da Secretaria de Estado de Sa\u00fade de Minas Gerais (SES-MG), Jo\u00e3o Pinho, informou que o estado apresenta a menor taxa de \u00f3bito pela covid-19\u00a0por 100 mil habitantes. \u201cEstamos bem satisfeitos com o trabalho que vem sendo realizado, fruto de um movimento de muitos profissionais tanto [&hellip;]<\/p>\n","protected":false},"author":96,"featured_media":165806,"comment_status":"closed","ping_status":"closed","sticky":false,"template":"","format":"standard","meta":{"footnotes":""},"categories":[436,252,439],"tags":[],"class_list":["post-165805","post","type-post","status-publish","format-standard","has-post-thumbnail","hentry","category-destaque-da-semana","category-regiao","category-ultima-hora"],"_links":{"self":[{"href":"https:\/\/diarioregionaldigital.com.br\/index.php?rest_route=\/wp\/v2\/posts\/165805","targetHints":{"allow":["GET"]}}],"collection":[{"href":"https:\/\/diarioregionaldigital.com.br\/index.php?rest_route=\/wp\/v2\/posts"}],"about":[{"href":"https:\/\/diarioregionaldigital.com.br\/index.php?rest_route=\/wp\/v2\/types\/post"}],"author":[{"embeddable":true,"href":"https:\/\/diarioregionaldigital.com.br\/index.php?rest_route=\/wp\/v2\/users\/96"}],"replies":[{"embeddable":true,"href":"https:\/\/diarioregionaldigital.com.br\/index.php?rest_route=%2Fwp%2Fv2%2Fcomments&post=165805"}],"version-history":[{"count":0,"href":"https:\/\/diarioregionaldigital.com.br\/index.php?rest_route=\/wp\/v2\/posts\/165805\/revisions"}],"wp:featuredmedia":[{"embeddable":true,"href":"https:\/\/diarioregionaldigital.com.br\/index.php?rest_route=\/wp\/v2\/media\/165806"}],"wp:attachment":[{"href":"https:\/\/diarioregionaldigital.com.br\/index.php?rest_route=%2Fwp%2Fv2%2Fmedia&parent=165805"}],"wp:term":[{"taxonomy":"category","embeddable":true,"href":"https:\/\/diarioregionaldigital.com.br\/index.php?rest_route=%2Fwp%2Fv2%2Fcategories&post=165805"},{"taxonomy":"post_tag","embeddable":true,"href":"https:\/\/diarioregionaldigital.com.br\/index.php?rest_route=%2Fwp%2Fv2%2Ftags&post=165805"}],"curies":[{"name":"wp","href":"https:\/\/api.w.org\/{rel}","templated":true}]}}