{"id":165802,"date":"2020-07-31T15:36:36","date_gmt":"2020-07-31T18:36:36","guid":{"rendered":"https:\/\/diarioregionaldigital.com.br\/?p=165802"},"modified":"2020-07-31T15:36:36","modified_gmt":"2020-07-31T18:36:36","slug":"mudancas-no-programa-minas-consciente-passam-a-valer-dia-6-de-agosto","status":"publish","type":"post","link":"https:\/\/diarioregionaldigital.com.br\/?p=165802","title":{"rendered":"Mudan\u00e7as no programa \u201cMinas Consciente\u201d passam a valer dia 6 de agosto"},"content":{"rendered":"<p><span style=\"font-weight: 400;\">Em live (transmiss\u00e3o ao vivo) na manh\u00e3 de sexta-feira (31), pelas redes sociais, o prefeito Ant\u00f4nio Almas enfatizou que as mudan\u00e7as referentes ao programa do Governo estadual, \u201cMinas Consciente\u201d, ser\u00e3o v\u00e1lidas a partir desta quinta-feira (6). At\u00e9 l\u00e1 fica valendo em Juiz de Fora a \u201conda branca\u201d, bem como seus protocolos de seguran\u00e7a: \u201cVamos ter o posicionamento do estado no dia 6, quando saberemos se avan\u00e7aremos para a \u00b4onda amarela`\u201d.<\/span><\/p>\n<p><span style=\"font-weight: 400;\">De acordo com o Governo estadual, o \u201cMinas Consciente\u201d passar\u00e1 a contar com apenas tr\u00eas etapas de retomada do processo de abertura em fun\u00e7\u00e3o da covid-19. A \u201conda vermelha\u201d passa a ser a primeira e mais restritiva, s\u00f3 sendo permitido funcionamento de servi\u00e7os emergenciais. A \u201camarela\u201d ser\u00e1 a intermedi\u00e1ria, onde, al\u00e9m do que j\u00e1 est\u00e1 permitido na cidade, haver\u00e1 inclus\u00e3o de outras atividades, como bancas de jornais, livrarias, sal\u00f5es de beleza, lojas de roupas e cal\u00e7ados, entre outras. J\u00e1 a \u201cverde\u201d, como \u00faltima no processo, ter\u00e1 setores, com o academias, por exemplo, que estavam na faixa \u201croxa\u201d, s\u00f3 no fim da pandemia, dando, assim, perspectiva real de reabertura do segmento. Haver\u00e1 protocolos espec\u00edficos a serem seguidos, que dever\u00e3o estar vis\u00edveis nos estabelecimentos.<\/span><\/p>\n<p><span style=\"font-weight: 400;\">Segundo o prefeito, a progress\u00e3o ou regress\u00e3o de ondas depende da contribui\u00e7\u00e3o de cada um, pois se as a\u00e7\u00f5es forem relaxadas, a cidade poder\u00e1 enfrentar sobrecarga no sistema de sa\u00fade. Para evitar essa situa\u00e7\u00e3o, \u00e9 preciso continuar usando m\u00e1scara, manter distanciamento de um metro e meio entre pessoas, lavar as m\u00e3os com \u00e1gua e sab\u00e3o ou usar \u00e1lcool em gel e fazer higieniza\u00e7\u00e3o de superf\u00edcies de contato. \u201cN\u00e3o podemos perder o foco da nossa responsabilidade sanit\u00e1ria. O novo normal imp\u00f5e que olhemos para o outro com mais solidariedade. Eu n\u00e3o posso ser agente contaminador do pr\u00f3ximo. Pense que, quando voc\u00ea for numa festa, num bar, ou sair desnecessariamente, voc\u00ea pode estar levando o v\u00edrus para dentro de casa e contaminando algu\u00e9m muito querido para voc\u00ea, como seu pai, m\u00e3e, av\u00f4 ou av\u00f3. Ainda n\u00e3o vencemos a pandemia. O \u00edndice de transmiss\u00e3o ainda est\u00e1 alto\u201d, refor\u00e7ou Ant\u00f4nio Almas.<\/span><\/p>\n<p><span style=\"font-weight: 400;\">Com as novas mudan\u00e7as no \u201cMinas Consciente\u201d, o avan\u00e7o de \u201conda\u201d passa a ser analisado a cada 28 dias, n\u00e3o mais 21. Nesse sentido, o prefeito afirmou que a abertura de academias n\u00e3o ser\u00e1 discutida antes desse prazo, por estar inserida na \u201cverde\u201d, e ressaltou que o funcionamento de bares, previsto na \u201camarela\u201d, com consumo de bebidas alco\u00f3licas, ser\u00e1 debatido internamente no Comit\u00ea para Enfrentamento e Preven\u00e7\u00e3o do Coronav\u00edrus, pois os munic\u00edpios t\u00eam autonomia para restringir regras quando julgarem necess\u00e1rio.<\/span><\/p>\n<p><strong>Fonte:<\/strong> Assessoria<\/p>\n","protected":false},"excerpt":{"rendered":"<p>Em live (transmiss\u00e3o ao vivo) na manh\u00e3 de sexta-feira (31), pelas redes sociais, o prefeito Ant\u00f4nio Almas enfatizou que as mudan\u00e7as referentes ao programa do Governo estadual, \u201cMinas Consciente\u201d, ser\u00e3o v\u00e1lidas a partir desta quinta-feira (6). At\u00e9 l\u00e1 fica valendo em Juiz de Fora a \u201conda branca\u201d, bem como seus protocolos de seguran\u00e7a: \u201cVamos ter [&hellip;]<\/p>\n","protected":false},"author":96,"featured_media":165803,"comment_status":"closed","ping_status":"closed","sticky":false,"template":"","format":"standard","meta":{"footnotes":""},"categories":[253,436,440,439],"tags":[],"class_list":["post-165802","post","type-post","status-publish","format-standard","has-post-thumbnail","hentry","category-cidade","category-destaque-da-semana","category-destaques-do-dia","category-ultima-hora"],"_links":{"self":[{"href":"https:\/\/diarioregionaldigital.com.br\/index.php?rest_route=\/wp\/v2\/posts\/165802","targetHints":{"allow":["GET"]}}],"collection":[{"href":"https:\/\/diarioregionaldigital.com.br\/index.php?rest_route=\/wp\/v2\/posts"}],"about":[{"href":"https:\/\/diarioregionaldigital.com.br\/index.php?rest_route=\/wp\/v2\/types\/post"}],"author":[{"embeddable":true,"href":"https:\/\/diarioregionaldigital.com.br\/index.php?rest_route=\/wp\/v2\/users\/96"}],"replies":[{"embeddable":true,"href":"https:\/\/diarioregionaldigital.com.br\/index.php?rest_route=%2Fwp%2Fv2%2Fcomments&post=165802"}],"version-history":[{"count":0,"href":"https:\/\/diarioregionaldigital.com.br\/index.php?rest_route=\/wp\/v2\/posts\/165802\/revisions"}],"wp:featuredmedia":[{"embeddable":true,"href":"https:\/\/diarioregionaldigital.com.br\/index.php?rest_route=\/wp\/v2\/media\/165803"}],"wp:attachment":[{"href":"https:\/\/diarioregionaldigital.com.br\/index.php?rest_route=%2Fwp%2Fv2%2Fmedia&parent=165802"}],"wp:term":[{"taxonomy":"category","embeddable":true,"href":"https:\/\/diarioregionaldigital.com.br\/index.php?rest_route=%2Fwp%2Fv2%2Fcategories&post=165802"},{"taxonomy":"post_tag","embeddable":true,"href":"https:\/\/diarioregionaldigital.com.br\/index.php?rest_route=%2Fwp%2Fv2%2Ftags&post=165802"}],"curies":[{"name":"wp","href":"https:\/\/api.w.org\/{rel}","templated":true}]}}