{"id":165796,"date":"2020-07-31T15:09:24","date_gmt":"2020-07-31T18:09:24","guid":{"rendered":"https:\/\/diarioregionaldigital.com.br\/?p=165796"},"modified":"2020-07-31T15:09:24","modified_gmt":"2020-07-31T18:09:24","slug":"homem-conhecido-no-meio-policial-e-preso-no-bairro-bela-aurora","status":"publish","type":"post","link":"https:\/\/diarioregionaldigital.com.br\/?p=165796","title":{"rendered":"Homem conhecido no meio policial \u00e9 preso no Bairro Bela Aurora"},"content":{"rendered":"<p>A Pol\u00edcia Militar (PM), prendeu um homem de 49 anos, por armazenar drogas em um terreno, no Bairro Bela Aurora (Regi\u00e3o Sul) em Juiz de Fora. Os policiais receberam informa\u00e7\u00f5es de que o suspeito seria respons\u00e1vel pelo tr\u00e1fico de drogas no local. Com endere\u00e7o em m\u00e3os, os militares foram \u00e0 resid\u00eancia do autor e ao notar a presen\u00e7a policial, o homem se recusou a receber a guarni\u00e7\u00e3o e fechou o port\u00e3o. Instantes depois, a esposa do autor foi conversar com os policiais e a mesma n\u00e3o soube responder o motivo do marido recusar em falar com a guarni\u00e7\u00e3o.<\/p>\n<p>Logo em seguida, a moradora liberou a entrada e ao entrar no im\u00f3vel, os policiais se depararam com o autor que n\u00e3o soube explicar o ocorrido. Dentro da resid\u00eancia, a guarni\u00e7\u00e3o realizou buscas mas n\u00e3o encontrou nada de il\u00edcito. Dando prosseguimento \u00e0s dilig\u00eancias, foi feito acionamento de c\u00e3o farejador e ap\u00f3s buscas nos dois terrenos das imedia\u00e7\u00f5es, foram localizados <span style=\"font-weight: 400;\">3 barras e <\/span><span style=\"font-weight: 400;\">3 tabletes de maconha, <\/span><span style=\"font-weight: 400;\">116 papelotes de coca\u00edna ,<\/span><span style=\"font-weight: 400;\">113 pedras de crack, uma<\/span><span style=\"font-weight: 400;\"> balan\u00e7a de precis\u00e3o, uma <\/span><span style=\"font-weight: 400;\">por\u00e7\u00e3o de \u00e1cido b\u00f3rico e m<\/span><span style=\"font-weight: 400;\">aterial para embalar as drogas. Diante dos fatos, o autor foi preso em flagrante e conduzido para a Delegacia, junto com os materiais apreendidos.<\/span><\/p>\n","protected":false},"excerpt":{"rendered":"<p>A Pol\u00edcia Militar (PM), prendeu um homem de 49 anos, por armazenar drogas em um terreno, no Bairro Bela Aurora (Regi\u00e3o Sul) em Juiz de Fora. Os policiais receberam informa\u00e7\u00f5es de que o suspeito seria respons\u00e1vel pelo tr\u00e1fico de drogas no local. Com endere\u00e7o em m\u00e3os, os militares foram \u00e0 resid\u00eancia do autor e ao [&hellip;]<\/p>\n","protected":false},"author":96,"featured_media":165797,"comment_status":"closed","ping_status":"closed","sticky":false,"template":"","format":"standard","meta":{"footnotes":""},"categories":[301,436,439],"tags":[],"class_list":["post-165796","post","type-post","status-publish","format-standard","has-post-thumbnail","hentry","category-artigos-policiais","category-destaque-da-semana","category-ultima-hora"],"_links":{"self":[{"href":"https:\/\/diarioregionaldigital.com.br\/index.php?rest_route=\/wp\/v2\/posts\/165796","targetHints":{"allow":["GET"]}}],"collection":[{"href":"https:\/\/diarioregionaldigital.com.br\/index.php?rest_route=\/wp\/v2\/posts"}],"about":[{"href":"https:\/\/diarioregionaldigital.com.br\/index.php?rest_route=\/wp\/v2\/types\/post"}],"author":[{"embeddable":true,"href":"https:\/\/diarioregionaldigital.com.br\/index.php?rest_route=\/wp\/v2\/users\/96"}],"replies":[{"embeddable":true,"href":"https:\/\/diarioregionaldigital.com.br\/index.php?rest_route=%2Fwp%2Fv2%2Fcomments&post=165796"}],"version-history":[{"count":0,"href":"https:\/\/diarioregionaldigital.com.br\/index.php?rest_route=\/wp\/v2\/posts\/165796\/revisions"}],"wp:featuredmedia":[{"embeddable":true,"href":"https:\/\/diarioregionaldigital.com.br\/index.php?rest_route=\/wp\/v2\/media\/165797"}],"wp:attachment":[{"href":"https:\/\/diarioregionaldigital.com.br\/index.php?rest_route=%2Fwp%2Fv2%2Fmedia&parent=165796"}],"wp:term":[{"taxonomy":"category","embeddable":true,"href":"https:\/\/diarioregionaldigital.com.br\/index.php?rest_route=%2Fwp%2Fv2%2Fcategories&post=165796"},{"taxonomy":"post_tag","embeddable":true,"href":"https:\/\/diarioregionaldigital.com.br\/index.php?rest_route=%2Fwp%2Fv2%2Ftags&post=165796"}],"curies":[{"name":"wp","href":"https:\/\/api.w.org\/{rel}","templated":true}]}}