{"id":165793,"date":"2020-07-31T14:56:00","date_gmt":"2020-07-31T17:56:00","guid":{"rendered":"https:\/\/diarioregionaldigital.com.br\/?p=165793"},"modified":"2020-07-31T14:56:00","modified_gmt":"2020-07-31T17:56:00","slug":"em-busca-de-indice-olimpico-no-salto-triplo-nubia-soares-retorna-aos-treinos-na-espanha","status":"publish","type":"post","link":"https:\/\/diarioregionaldigital.com.br\/?p=165793","title":{"rendered":"Em busca de \u00edndice ol\u00edmpico no salto triplo, N\u00fabia Soares retorna aos treinos na Espanha"},"content":{"rendered":"<p><span style=\"font-weight: 400;\">Desde o in\u00edcio de junho, a rotina da brasileira N\u00fabia Soares, atleta de salto triplo, est\u00e1 praticamente normalizada. Integrante da equipe do Barcelona, ela reside na pequena cidade espanhola de Guadalajara e aos poucos retoma o ritmo de treinos anterior \u00e0 pandemia do novo coronav\u00edrus (Covid-19) em busca do maior objetivo: alcan\u00e7ar a marca de 14,32m, o \u00edndice ol\u00edmpico para a prova do salto triplo nos Jogos de T\u00f3quio.<\/span><\/p>\n<p><span style=\"font-weight: 400;\">Em junho de 2019, N\u00fabia saltou 14,28m, em Huelva (Espanha). &#8220;Fiquei pertinho. Estava planejando seguir competindo na temporada outdoor e conseguir a marca. S\u00f3 que veio a pandemia e interrompeu a temporada. Mas tudo bem. Falta pouco&#8221;, disse a atleta mineira.<\/span><\/p>\n<p><span style=\"font-weight: 400;\">S\u00f3 que as marcas voltam a valer para a corrida ol\u00edmpica apenas em dezembro. At\u00e9 l\u00e1, ela n\u00e3o descarta participar de algumas provas menores na Europa: &#8220;Se tiver eventos confirmados por aqui, gostaria de participar. Seria melhor. Mas como tenho o compromisso importante com a busca do \u00edndice, n\u00e3o posso come\u00e7ar o trabalho de base muito tarde&#8221;.<\/span><\/p>\n<p><span style=\"font-weight: 400;\">Depois, ela n\u00e3o descarta at\u00e9 mesmo uma vinda ao Brasil: &#8220;No final do ano vai ter GP Brasil e, depois, o Trof\u00e9u Brasil. Acredito que vou participar apenas do GP. Depende de como as coisas v\u00e3o ficar at\u00e9 l\u00e1. O certo \u00e9 que, em 2021, vou fazer a temporada europeia indoor. Vai dar tudo certo. \u00c9 s\u00f3 manter a calma e treinar&#8221;.<\/span><\/p>\n<p><span style=\"font-weight: 400;\">Em rela\u00e7\u00e3o aos treinos, ela tamb\u00e9m planeja algumas mudan\u00e7as. &#8220;Uma coisa que estou planejando alterar \u00e9 a quantidade de passadas na minha corrida. Estou usando 15, mas queria diminuir para 13. Tenho que otimizar um pouco mais minha corrida&#8221;, adiantou a brasileira, que est\u00e1 no atletismo h\u00e1 oito anos e participou dos Jogos Ol\u00edmpicos no Rio de Janeiro em 2016. Al\u00e9m disso, ela \u00e9 recordista brasileira da prova, com a marca de 14m69, obtida em Soteville, na Fran\u00e7a, em 17 de julho de 2018.<\/span><\/p>\n<p><strong>Fonte:<\/strong> Ag\u00eancia Brasil<\/p>\n","protected":false},"excerpt":{"rendered":"<p>Desde o in\u00edcio de junho, a rotina da brasileira N\u00fabia Soares, atleta de salto triplo, est\u00e1 praticamente normalizada. Integrante da equipe do Barcelona, ela reside na pequena cidade espanhola de Guadalajara e aos poucos retoma o ritmo de treinos anterior \u00e0 pandemia do novo coronav\u00edrus (Covid-19) em busca do maior objetivo: alcan\u00e7ar a marca de [&hellip;]<\/p>\n","protected":false},"author":96,"featured_media":165794,"comment_status":"closed","ping_status":"closed","sticky":false,"template":"","format":"standard","meta":{"footnotes":""},"categories":[436,257,439],"tags":[],"class_list":["post-165793","post","type-post","status-publish","format-standard","has-post-thumbnail","hentry","category-destaque-da-semana","category-esporte","category-ultima-hora"],"_links":{"self":[{"href":"https:\/\/diarioregionaldigital.com.br\/index.php?rest_route=\/wp\/v2\/posts\/165793","targetHints":{"allow":["GET"]}}],"collection":[{"href":"https:\/\/diarioregionaldigital.com.br\/index.php?rest_route=\/wp\/v2\/posts"}],"about":[{"href":"https:\/\/diarioregionaldigital.com.br\/index.php?rest_route=\/wp\/v2\/types\/post"}],"author":[{"embeddable":true,"href":"https:\/\/diarioregionaldigital.com.br\/index.php?rest_route=\/wp\/v2\/users\/96"}],"replies":[{"embeddable":true,"href":"https:\/\/diarioregionaldigital.com.br\/index.php?rest_route=%2Fwp%2Fv2%2Fcomments&post=165793"}],"version-history":[{"count":0,"href":"https:\/\/diarioregionaldigital.com.br\/index.php?rest_route=\/wp\/v2\/posts\/165793\/revisions"}],"wp:featuredmedia":[{"embeddable":true,"href":"https:\/\/diarioregionaldigital.com.br\/index.php?rest_route=\/wp\/v2\/media\/165794"}],"wp:attachment":[{"href":"https:\/\/diarioregionaldigital.com.br\/index.php?rest_route=%2Fwp%2Fv2%2Fmedia&parent=165793"}],"wp:term":[{"taxonomy":"category","embeddable":true,"href":"https:\/\/diarioregionaldigital.com.br\/index.php?rest_route=%2Fwp%2Fv2%2Fcategories&post=165793"},{"taxonomy":"post_tag","embeddable":true,"href":"https:\/\/diarioregionaldigital.com.br\/index.php?rest_route=%2Fwp%2Fv2%2Ftags&post=165793"}],"curies":[{"name":"wp","href":"https:\/\/api.w.org\/{rel}","templated":true}]}}