{"id":165749,"date":"2020-07-31T10:37:04","date_gmt":"2020-07-31T13:37:04","guid":{"rendered":"https:\/\/diarioregionaldigital.com.br\/?p=165749"},"modified":"2020-07-31T10:37:04","modified_gmt":"2020-07-31T13:37:04","slug":"saude-confirma-97-048-pacientes-recuperados-do-coronavirus","status":"publish","type":"post","link":"https:\/\/diarioregionaldigital.com.br\/?p=165749","title":{"rendered":"Sa\u00fade confirma 97.048 pacientes recuperados do Coronav\u00edrus"},"content":{"rendered":"<p>A Secretaria de Estado da Sa\u00fade de Minas Gerais (SES-MG), informa em\u00a0<a href=\"https:\/\/www.saude.mg.gov.br\/images\/1_noticias\/10_2020\/1_jul-ago-set\/31-07-Boletim_Epidemiologico_COVID-19.pdf\">boletim epidemiol\u00f3gico<\/a> desta sexta-feira (31), que o estado tem 97.048 pacientes recuperados do Coronav\u00edrus, representando 76,3% dos casos. Al\u00e9m disso, houve aumento de 123.415 para 127.106 casos confirmados e foram registradas mais 77 mortes, contabilizando 2.769. Os \u00f3bitos registrados no novo boletim, foram confirmados em: Bras\u00edlia de Minas (1), Muria\u00e9 (2), Corinto (1), Conquista (1), Ita\u00fa de Minas (2), S\u00e3o Jo\u00e3o Batista do Gl\u00f3ria (1), Itabira (2), Juiz de Fora (1), Araguari (1), Uberl\u00e2ndia (1), Cambu\u00ed (1), Andradas (1), Governador Valadares (5), Nova M\u00f3dica (1), Periquito (1), Ipatinga (1), Santana do Para\u00edso (1), C\u00f3rrego Novo (1), Ibirit\u00e9 (6), Contagem (9), Ouro Preto (1), Betim (1), Pedra Azul (1), Montes Claros (1), Ponte Nova (1), Belo Horizonte (30) e dois pacientes nascidos em outros estados brasileiros.<\/p>\n<p>Conforme o levantamento, foram feitos 73.273 testes laboratoriais, sendo que 17.671 deram positivo, 53.105 deram negativo e 1.218 est\u00e3o sob an\u00e1lise.<\/p>\n<p>Confira abaixo a tabela completa com os \u00f3bitos confirmados no estado:<\/p>\n<p><a href=\"https:\/\/diarioregionaldigital.com.br\/wp-content\/uploads\/2020\/07\/31-07-OBITOS_CONF_COVID-19_MG.xlsx\">31-07-OBITOS_CONF_COVID-19_MG<\/a><\/p>\n","protected":false},"excerpt":{"rendered":"<p>A Secretaria de Estado da Sa\u00fade de Minas Gerais (SES-MG), informa em\u00a0boletim epidemiol\u00f3gico desta sexta-feira (31), que o estado tem 97.048 pacientes recuperados do Coronav\u00edrus, representando 76,3% dos casos. Al\u00e9m disso, houve aumento de 123.415 para 127.106 casos confirmados e foram registradas mais 77 mortes, contabilizando 2.769. Os \u00f3bitos registrados no novo boletim, foram confirmados [&hellip;]<\/p>\n","protected":false},"author":96,"featured_media":158770,"comment_status":"closed","ping_status":"closed","sticky":false,"template":"","format":"standard","meta":{"footnotes":""},"categories":[436,440,252,439],"tags":[],"class_list":["post-165749","post","type-post","status-publish","format-standard","has-post-thumbnail","hentry","category-destaque-da-semana","category-destaques-do-dia","category-regiao","category-ultima-hora"],"_links":{"self":[{"href":"https:\/\/diarioregionaldigital.com.br\/index.php?rest_route=\/wp\/v2\/posts\/165749","targetHints":{"allow":["GET"]}}],"collection":[{"href":"https:\/\/diarioregionaldigital.com.br\/index.php?rest_route=\/wp\/v2\/posts"}],"about":[{"href":"https:\/\/diarioregionaldigital.com.br\/index.php?rest_route=\/wp\/v2\/types\/post"}],"author":[{"embeddable":true,"href":"https:\/\/diarioregionaldigital.com.br\/index.php?rest_route=\/wp\/v2\/users\/96"}],"replies":[{"embeddable":true,"href":"https:\/\/diarioregionaldigital.com.br\/index.php?rest_route=%2Fwp%2Fv2%2Fcomments&post=165749"}],"version-history":[{"count":0,"href":"https:\/\/diarioregionaldigital.com.br\/index.php?rest_route=\/wp\/v2\/posts\/165749\/revisions"}],"wp:featuredmedia":[{"embeddable":true,"href":"https:\/\/diarioregionaldigital.com.br\/index.php?rest_route=\/wp\/v2\/media\/158770"}],"wp:attachment":[{"href":"https:\/\/diarioregionaldigital.com.br\/index.php?rest_route=%2Fwp%2Fv2%2Fmedia&parent=165749"}],"wp:term":[{"taxonomy":"category","embeddable":true,"href":"https:\/\/diarioregionaldigital.com.br\/index.php?rest_route=%2Fwp%2Fv2%2Fcategories&post=165749"},{"taxonomy":"post_tag","embeddable":true,"href":"https:\/\/diarioregionaldigital.com.br\/index.php?rest_route=%2Fwp%2Fv2%2Ftags&post=165749"}],"curies":[{"name":"wp","href":"https:\/\/api.w.org\/{rel}","templated":true}]}}