{"id":165742,"date":"2020-07-31T06:00:20","date_gmt":"2020-07-31T09:00:20","guid":{"rendered":"https:\/\/diarioregionaldigital.com.br\/?p=165742"},"modified":"2020-07-31T02:53:44","modified_gmt":"2020-07-31T05:53:44","slug":"prefeitura-municipal-de-tocantins-processo-no062-31-07-2020","status":"publish","type":"post","link":"https:\/\/diarioregionaldigital.com.br\/?p=165742","title":{"rendered":"Prefeitura Municipal de Tocantins &#8211; Processo n\u00ba062 &#8211; 31\/07\/2020"},"content":{"rendered":"<p style=\"text-align: center;\"><strong>PREFEITURA MUNICIPAL DE TOCANTINS\/MG<\/strong><\/p>\n<p style=\"text-align: center;\"><strong>Processo n\u00b0062\/2020<\/strong><\/p>\n<p style=\"text-align: center;\"><strong>Aviso de Chamada P\u00fablica n\u00b0 005\/2020<\/strong><\/p>\n<p style=\"text-align: center;\">O Munic\u00edpio de TOCANTINS, na forma da lei, faz saber a todos quantos o presente edital virem, ou dele conhecimento tiverem, que de 07:30 \u00e0s 11:00 do dia 17 a 27 de \u00a0agosto de 2020, PARA ENTREGA DOS ENVELOPES na SEDE\u00a0 da Prefeitura Municipal na sala da comiss\u00e3o de licita\u00e7\u00e3o, localizada na rua Av. Padre Mac\u00e1rio, n\u00b0 129, bairro Centro, munic\u00edpio de TOCANTINS, ser\u00e1 realizada chamada p\u00fablica para a contrata\u00e7\u00e3o de interessados no fornecimento\u00a0<strong>FRUTAS, LEGUMES E OUTROS G\u00caNEROS ALIMENT\u00cdCIOS PARA AGRICULTURA FAMILIAR, ficando designada o ABERTURA dos envelopes para o dia 28\/08\/2019 \u00e0s 09:00 horas,\u00a0<\/strong>conforme consta no edital que se encontra\u00a0 a disposi\u00e7\u00e3o de todos\u00a0 os interessados\u00a0 na Prefeitura Municipal, onde poder\u00e3o obt\u00ea-lo. Para conhecimento de todos os interessados, expediu-se o presente que ser\u00e1 afixado no lugar de costume, publicando-se na forma da lei.<\/p>\n<p style=\"text-align: center;\">TOCANTINS, 30 de julho de 2020.<\/p>\n<p style=\"text-align: center;\">______________________________<\/p>\n<p style=\"text-align: center;\"><strong>ANA L\u00daCIA RODRIGUES<\/strong><\/p>\n<p style=\"text-align: center;\"><strong>Presidente da Comiss\u00e3o Permanente de Licita\u00e7\u00e3o<\/strong><\/p>\n","protected":false},"excerpt":{"rendered":"<p>PREFEITURA MUNICIPAL DE TOCANTINS\/MG Processo n\u00b0062\/2020 Aviso de Chamada P\u00fablica n\u00b0 005\/2020 O Munic\u00edpio de TOCANTINS, na forma da lei, faz saber a todos quantos o presente edital virem, ou dele conhecimento tiverem, que de 07:30 \u00e0s 11:00 do dia 17 a 27 de \u00a0agosto de 2020, PARA ENTREGA DOS ENVELOPES na SEDE\u00a0 da Prefeitura [&hellip;]<\/p>\n","protected":false},"author":96,"featured_media":0,"comment_status":"closed","ping_status":"closed","sticky":false,"template":"","format":"standard","meta":{"footnotes":""},"categories":[307],"tags":[],"class_list":["post-165742","post","type-post","status-publish","format-standard","hentry","category-editais"],"_links":{"self":[{"href":"https:\/\/diarioregionaldigital.com.br\/index.php?rest_route=\/wp\/v2\/posts\/165742","targetHints":{"allow":["GET"]}}],"collection":[{"href":"https:\/\/diarioregionaldigital.com.br\/index.php?rest_route=\/wp\/v2\/posts"}],"about":[{"href":"https:\/\/diarioregionaldigital.com.br\/index.php?rest_route=\/wp\/v2\/types\/post"}],"author":[{"embeddable":true,"href":"https:\/\/diarioregionaldigital.com.br\/index.php?rest_route=\/wp\/v2\/users\/96"}],"replies":[{"embeddable":true,"href":"https:\/\/diarioregionaldigital.com.br\/index.php?rest_route=%2Fwp%2Fv2%2Fcomments&post=165742"}],"version-history":[{"count":0,"href":"https:\/\/diarioregionaldigital.com.br\/index.php?rest_route=\/wp\/v2\/posts\/165742\/revisions"}],"wp:attachment":[{"href":"https:\/\/diarioregionaldigital.com.br\/index.php?rest_route=%2Fwp%2Fv2%2Fmedia&parent=165742"}],"wp:term":[{"taxonomy":"category","embeddable":true,"href":"https:\/\/diarioregionaldigital.com.br\/index.php?rest_route=%2Fwp%2Fv2%2Fcategories&post=165742"},{"taxonomy":"post_tag","embeddable":true,"href":"https:\/\/diarioregionaldigital.com.br\/index.php?rest_route=%2Fwp%2Fv2%2Ftags&post=165742"}],"curies":[{"name":"wp","href":"https:\/\/api.w.org\/{rel}","templated":true}]}}