{"id":165737,"date":"2020-07-31T06:00:18","date_gmt":"2020-07-31T09:00:18","guid":{"rendered":"https:\/\/diarioregionaldigital.com.br\/?p=165737"},"modified":"2020-07-31T02:34:12","modified_gmt":"2020-07-31T05:34:12","slug":"sucesso-total-7","status":"publish","type":"post","link":"https:\/\/diarioregionaldigital.com.br\/?p=165737","title":{"rendered":"Sucesso Total"},"content":{"rendered":"<p style=\"text-align: center;\"><strong>O Amor Cura<\/strong><\/p>\n<p style=\"text-align: center;\">Com o sol por testemunha, o casal de artistas pl\u00e1sticos Camila Geoffrou e Japia pintam e bordam, literalmente. Eles criaram Alma Sagrada em que fazem obras sob encomenda, usando as duas t\u00e9cnicas. Ela, usa agulha e linha e ele coloca cor em qualquer pe\u00e7a mais cinzenta que encontra. Durante a pandemia criaram a obra \u201cOpen you Heart\u201d, juntando bordado e pintura.<\/p>\n<p style=\"text-align: center;\"><strong>Para Refletir<\/strong><\/p>\n<p style=\"text-align: center;\">Com o vento frio do inverno espalhando incerteza, chegamos tamb\u00e9m as intera\u00e7\u00f5es digitais. A moralidade e a efici\u00eancia garantidos a todo cidad\u00e3o passa tamb\u00e9m por obter respostas mais eficientes contra manifesta\u00e7\u00f5es de \u00f3dio e preconceito e passa ao diverso e \u00e0 conviv\u00eancia saud\u00e1vel entre os diferentes pontos de vista.<\/p>\n<p style=\"text-align: center;\"><strong>Gurizada<\/strong><\/p>\n<p style=\"text-align: center;\">Com sua sensibilidade agu\u00e7ada, o escritor Knorr usou o virtual para lan\u00e7ar seu mais novo livro \u201cTem bicho na privada\u201d com pref\u00e1cio do pediatra Dorian Domingues. Com aval da Editora Paratexto, a obra aborda de forma po\u00e9tica e l\u00fadica, uma dificuldade muito comum entre as crian\u00e7as ir ao banheiro.<\/p>\n<p style=\"text-align: center;\"><strong>Junina, Julina, Agostina<\/strong><\/p>\n<p style=\"text-align: center;\">As delicias juninas s\u00f3 v\u00e3o embora em agosto, oba! Isso quer dizer que ainda d\u00e1 para pedir na mesa cajuzinhos, quindim, cocadas, p\u00e9-de-moleque, curau, pa\u00e7oca, caldos deliciosos, milho verde e todos os apetrechos preparados magistralmente por Ant\u00f4nio de P\u00e1dua Jun\u00e3o do Haras Morena.<\/p>\n<p style=\"text-align: center;\"><span style=\"font-size: 14pt;\"><strong>Sucesso Total<\/strong><\/span><\/p>\n<p style=\"text-align: center;\">Usando como cen\u00e1rio o espa\u00e7o AKASA, a diva Sandra Portella brilhou com sua Live em homenagem a ra\u00e7a negra com o espetacular show \u201cTotalmente Sandra Portella\u201d. Com sua talentosa banda contou com participa\u00e7\u00e3o de Toninho Geraes e do sanfoneiro Chacrinha. Aplausos para os figurinos tem\u00e1ticos da Fio de linha e Edmar J\u00fanior, produ\u00e7\u00e3o de Daniel de Mattos e quadro no cen\u00e1rio de Wesley Monteiro. As fotos registram.<\/p>\n<p><img loading=\"lazy\" decoding=\"async\" class=\"aligncenter wp-image-165729\" src=\"https:\/\/diarioregionaldigital.com.br\/wp-content\/uploads\/2020\/07\/fotoaa-11-e1596173273390.jpeg\" alt=\"\" width=\"680\" height=\"528\" srcset=\"https:\/\/diarioregionaldigital.com.br\/wp-content\/uploads\/2020\/07\/fotoaa-11-e1596173273390.jpeg 1077w, https:\/\/diarioregionaldigital.com.br\/wp-content\/uploads\/2020\/07\/fotoaa-11-e1596173273390-300x233.jpeg 300w, https:\/\/diarioregionaldigital.com.br\/wp-content\/uploads\/2020\/07\/fotoaa-11-e1596173273390-1024x796.jpeg 1024w, https:\/\/diarioregionaldigital.com.br\/wp-content\/uploads\/2020\/07\/fotoaa-11-e1596173273390-768x597.jpeg 768w, https:\/\/diarioregionaldigital.com.br\/wp-content\/uploads\/2020\/07\/fotoaa-11-e1596173273390-360x280.jpeg 360w\" sizes=\"auto, (max-width: 680px) 100vw, 680px\" \/><\/p>\n<div id=\"attachment_165728\" style=\"width: 690px\" class=\"wp-caption aligncenter\"><img loading=\"lazy\" decoding=\"async\" aria-describedby=\"caption-attachment-165728\" class=\"wp-image-165728\" src=\"https:\/\/diarioregionaldigital.com.br\/wp-content\/uploads\/2020\/07\/foto-e1596173233146.jpg\" alt=\"\" width=\"680\" height=\"462\" srcset=\"https:\/\/diarioregionaldigital.com.br\/wp-content\/uploads\/2020\/07\/foto-e1596173233146.jpg 979w, https:\/\/diarioregionaldigital.com.br\/wp-content\/uploads\/2020\/07\/foto-e1596173233146-300x204.jpg 300w, https:\/\/diarioregionaldigital.com.br\/wp-content\/uploads\/2020\/07\/foto-e1596173233146-768x522.jpg 768w, https:\/\/diarioregionaldigital.com.br\/wp-content\/uploads\/2020\/07\/foto-e1596173233146-360x245.jpg 360w\" sizes=\"auto, (max-width: 680px) 100vw, 680px\" \/><p id=\"caption-attachment-165728\" class=\"wp-caption-text\">O modelo revela\u00e7\u00e3o Ramon Wagner exibe acess\u00f3rios Marfree em sintonia com o inverno 2020<\/p><\/div>\n<div id=\"attachment_165730\" style=\"width: 690px\" class=\"wp-caption aligncenter\"><img loading=\"lazy\" decoding=\"async\" aria-describedby=\"caption-attachment-165730\" class=\"wp-image-165730\" src=\"https:\/\/diarioregionaldigital.com.br\/wp-content\/uploads\/2020\/07\/fotob-19-e1596171976958.jpg\" alt=\"\" width=\"680\" height=\"622\" srcset=\"https:\/\/diarioregionaldigital.com.br\/wp-content\/uploads\/2020\/07\/fotob-19-e1596171976958.jpg 540w, https:\/\/diarioregionaldigital.com.br\/wp-content\/uploads\/2020\/07\/fotob-19-e1596171976958-300x274.jpg 300w, https:\/\/diarioregionaldigital.com.br\/wp-content\/uploads\/2020\/07\/fotob-19-e1596171976958-360x329.jpg 360w\" sizes=\"auto, (max-width: 680px) 100vw, 680px\" \/><p id=\"caption-attachment-165730\" class=\"wp-caption-text\">Convocada para a sele\u00e7\u00e3o de belas desta coluna, a morena sensa\u00e7\u00e3o Isah Azarias<\/p><\/div>\n<div id=\"attachment_165731\" style=\"width: 690px\" class=\"wp-caption aligncenter\"><img loading=\"lazy\" decoding=\"async\" aria-describedby=\"caption-attachment-165731\" class=\"wp-image-165731\" src=\"https:\/\/diarioregionaldigital.com.br\/wp-content\/uploads\/2020\/07\/fotoc-17-e1596172004360.jpg\" alt=\"\" width=\"680\" height=\"492\" srcset=\"https:\/\/diarioregionaldigital.com.br\/wp-content\/uploads\/2020\/07\/fotoc-17-e1596172004360.jpg 852w, https:\/\/diarioregionaldigital.com.br\/wp-content\/uploads\/2020\/07\/fotoc-17-e1596172004360-300x217.jpg 300w, https:\/\/diarioregionaldigital.com.br\/wp-content\/uploads\/2020\/07\/fotoc-17-e1596172004360-768x555.jpg 768w, https:\/\/diarioregionaldigital.com.br\/wp-content\/uploads\/2020\/07\/fotoc-17-e1596172004360-360x260.jpg 360w\" sizes=\"auto, (max-width: 680px) 100vw, 680px\" \/><p id=\"caption-attachment-165731\" class=\"wp-caption-text\">Aniversariante de destaque da temporada social, o querido Juracyr (Jurinha) Martins<\/p><\/div>\n<div id=\"attachment_165732\" style=\"width: 690px\" class=\"wp-caption aligncenter\"><img loading=\"lazy\" decoding=\"async\" aria-describedby=\"caption-attachment-165732\" class=\"wp-image-165732\" src=\"https:\/\/diarioregionaldigital.com.br\/wp-content\/uploads\/2020\/07\/fotoe-18-e1596172039391.jpg\" alt=\"\" width=\"680\" height=\"479\" srcset=\"https:\/\/diarioregionaldigital.com.br\/wp-content\/uploads\/2020\/07\/fotoe-18-e1596172039391.jpg 926w, https:\/\/diarioregionaldigital.com.br\/wp-content\/uploads\/2020\/07\/fotoe-18-e1596172039391-300x210.jpg 300w, https:\/\/diarioregionaldigital.com.br\/wp-content\/uploads\/2020\/07\/fotoe-18-e1596172039391-768x541.jpg 768w, https:\/\/diarioregionaldigital.com.br\/wp-content\/uploads\/2020\/07\/fotoe-18-e1596172039391-360x253.jpg 360w, https:\/\/diarioregionaldigital.com.br\/wp-content\/uploads\/2020\/07\/fotoe-18-e1596172039391-100x70.jpg 100w\" sizes=\"auto, (max-width: 680px) 100vw, 680px\" \/><p id=\"caption-attachment-165732\" class=\"wp-caption-text\">Antes do isolamento fazendo social Sandra Cristina e Nelson J\u00fanior<\/p><\/div>\n<div id=\"attachment_165733\" style=\"width: 690px\" class=\"wp-caption aligncenter\"><img loading=\"lazy\" decoding=\"async\" aria-describedby=\"caption-attachment-165733\" class=\"wp-image-165733\" src=\"https:\/\/diarioregionaldigital.com.br\/wp-content\/uploads\/2020\/07\/fotof-19-e1596172075964.jpg\" alt=\"\" width=\"680\" height=\"505\" srcset=\"https:\/\/diarioregionaldigital.com.br\/wp-content\/uploads\/2020\/07\/fotof-19-e1596172075964.jpg 957w, https:\/\/diarioregionaldigital.com.br\/wp-content\/uploads\/2020\/07\/fotof-19-e1596172075964-300x223.jpg 300w, https:\/\/diarioregionaldigital.com.br\/wp-content\/uploads\/2020\/07\/fotof-19-e1596172075964-768x571.jpg 768w, https:\/\/diarioregionaldigital.com.br\/wp-content\/uploads\/2020\/07\/fotof-19-e1596172075964-360x267.jpg 360w\" sizes=\"auto, (max-width: 680px) 100vw, 680px\" \/><p id=\"caption-attachment-165733\" class=\"wp-caption-text\">Meninas queridas no Bar da Papel Marisol Ribeiro e Eliane Vieira Souza<\/p><\/div>\n<div id=\"attachment_165735\" style=\"width: 690px\" class=\"wp-caption aligncenter\"><img loading=\"lazy\" decoding=\"async\" aria-describedby=\"caption-attachment-165735\" class=\"wp-image-165735\" src=\"https:\/\/diarioregionaldigital.com.br\/wp-content\/uploads\/2020\/07\/fotoh-19-e1596172727921.jpg\" alt=\"\" width=\"680\" height=\"445\" srcset=\"https:\/\/diarioregionaldigital.com.br\/wp-content\/uploads\/2020\/07\/fotoh-19-e1596172727921.jpg 749w, https:\/\/diarioregionaldigital.com.br\/wp-content\/uploads\/2020\/07\/fotoh-19-e1596172727921-300x196.jpg 300w, https:\/\/diarioregionaldigital.com.br\/wp-content\/uploads\/2020\/07\/fotoh-19-e1596172727921-360x236.jpg 360w\" sizes=\"auto, (max-width: 680px) 100vw, 680px\" \/><p id=\"caption-attachment-165735\" class=\"wp-caption-text\">Curtindo o inverno no Grambery a elegante Wanda Magnolo<\/p><\/div>\n<div id=\"attachment_165736\" style=\"width: 690px\" class=\"wp-caption aligncenter\"><img loading=\"lazy\" decoding=\"async\" aria-describedby=\"caption-attachment-165736\" class=\"wp-image-165736\" src=\"https:\/\/diarioregionaldigital.com.br\/wp-content\/uploads\/2020\/07\/fotoi-6-e1596173158370.jpg\" alt=\"\" width=\"680\" height=\"489\" srcset=\"https:\/\/diarioregionaldigital.com.br\/wp-content\/uploads\/2020\/07\/fotoi-6-e1596173158370.jpg 957w, https:\/\/diarioregionaldigital.com.br\/wp-content\/uploads\/2020\/07\/fotoi-6-e1596173158370-300x216.jpg 300w, https:\/\/diarioregionaldigital.com.br\/wp-content\/uploads\/2020\/07\/fotoi-6-e1596173158370-768x552.jpg 768w, https:\/\/diarioregionaldigital.com.br\/wp-content\/uploads\/2020\/07\/fotoi-6-e1596173158370-360x259.jpg 360w\" sizes=\"auto, (max-width: 680px) 100vw, 680px\" \/><p id=\"caption-attachment-165736\" class=\"wp-caption-text\">O charme de Paulo D\u2019\u00c1vila na temporada mais fria do ano<\/p><\/div>\n<div id=\"attachment_165734\" style=\"width: 690px\" class=\"wp-caption aligncenter\"><img loading=\"lazy\" decoding=\"async\" aria-describedby=\"caption-attachment-165734\" class=\"wp-image-165734\" src=\"https:\/\/diarioregionaldigital.com.br\/wp-content\/uploads\/2020\/07\/fotog-18-e1596172100377.jpg\" alt=\"\" width=\"680\" height=\"507\" srcset=\"https:\/\/diarioregionaldigital.com.br\/wp-content\/uploads\/2020\/07\/fotog-18-e1596172100377.jpg 717w, https:\/\/diarioregionaldigital.com.br\/wp-content\/uploads\/2020\/07\/fotog-18-e1596172100377-300x224.jpg 300w, https:\/\/diarioregionaldigital.com.br\/wp-content\/uploads\/2020\/07\/fotog-18-e1596172100377-360x269.jpg 360w\" sizes=\"auto, (max-width: 680px) 100vw, 680px\" \/><p id=\"caption-attachment-165734\" class=\"wp-caption-text\">Maria do Carmo Saleme festejando anivers\u00e1rio com o filho Eduardo Saleme, em casa<\/p><\/div>\n<p style=\"text-align: center;\"><strong>FOTOSS\u00cdNTESE<\/strong><\/p>\n<p>Correio Elegante: Abra\u00e7os afetuosos para os amigos Virg\u00ednia Rezende, Z\u00e9 Kodak, Gustavo Cruz, Brecho, Jonas Bontempo, Lenilson Fonseca, Paulo Ferreira dos Reis, Bethe Cherem, Ed\u00fa Taroco, Silvana Marques, Oswaldo Diniz.<\/p>\n<p>Com formato on-line em an\u00e1lise, pela primeira vez em 30 anos, Juiz de Fora vai ficar sem o Festival Internacional de M\u00fasica Colonial Brasileira e M\u00fasica Antiga. Realizado pelo Centro Cultural pr\u00f3- M\u00fasica n\u00e3o ter\u00e1 oficinas. A interrup\u00e7\u00e3o \u00e9 hist\u00f3rica, devido a pandemia do Covid-19.<\/p>\n<p>Para comemorar seus 10 anos de carreira, a cantora Carol Tavares brilhou com sua live no Instagram e YouTube.<\/p>\n<p>O pre\u00e7o de combust\u00edvel voltou a subir em Juiz de Fora. Tamb\u00e9m hortali\u00e7as e frutas est\u00e3o com pre\u00e7os elevados impactanto o bolso da popula\u00e7\u00e3o.<\/p>\n<p>Ser\u00e1 que o pior j\u00e1 passou? Passou n\u00e3o e, o melhor \u00e9 continuar usando m\u00e1scara, \u00e1lcool gel e se poss\u00edvel ficar em casa.<\/p>\n<p>A UFJF em parceria com a Prefeitura, \u00e9 a respons\u00e1vel pela realiza\u00e7\u00e3o de todos os exames de Covid-19 oriundos do Sus de 53 munic\u00edpios das regionais de sa\u00fade de Juiz de Fora e Leopoldina.<\/p>\n<p>Em 2020 o pr\u00eamio Bola de Ouro tradicional pr\u00eamio entregue aos melhores jogadores do mundo foi cancelado.<\/p>\n<p>Para agitar: Quando meu cora\u00e7\u00e3o esteve apertado, n\u00e3o agendei exames card\u00edacos, recorri \u00e0 poesia. Se compus alguns versos bem escritos, devo as paix\u00f5es mal-resolvidas. Bom dia.<\/p>\n<p><img loading=\"lazy\" decoding=\"async\" class=\"aligncenter size-full wp-image-165738\" src=\"https:\/\/diarioregionaldigital.com.br\/wp-content\/uploads\/2020\/07\/anuncio49-2-scaled.jpg\" alt=\"\" width=\"2560\" height=\"959\" srcset=\"https:\/\/diarioregionaldigital.com.br\/wp-content\/uploads\/2020\/07\/anuncio49-2-scaled.jpg 2560w, https:\/\/diarioregionaldigital.com.br\/wp-content\/uploads\/2020\/07\/anuncio49-2-300x112.jpg 300w, https:\/\/diarioregionaldigital.com.br\/wp-content\/uploads\/2020\/07\/anuncio49-2-1024x384.jpg 1024w, https:\/\/diarioregionaldigital.com.br\/wp-content\/uploads\/2020\/07\/anuncio49-2-768x288.jpg 768w, https:\/\/diarioregionaldigital.com.br\/wp-content\/uploads\/2020\/07\/anuncio49-2-1536x575.jpg 1536w, https:\/\/diarioregionaldigital.com.br\/wp-content\/uploads\/2020\/07\/anuncio49-2-2048x767.jpg 2048w, https:\/\/diarioregionaldigital.com.br\/wp-content\/uploads\/2020\/07\/anuncio49-2-360x135.jpg 360w\" sizes=\"auto, (max-width: 2560px) 100vw, 2560px\" \/><\/p>\n","protected":false},"excerpt":{"rendered":"<p>O Amor Cura Com o sol por testemunha, o casal de artistas pl\u00e1sticos Camila Geoffrou e Japia pintam e bordam, literalmente. Eles criaram Alma Sagrada em que fazem obras sob encomenda, usando as duas t\u00e9cnicas. Ela, usa agulha e linha e ele coloca cor em qualquer pe\u00e7a mais cinzenta que encontra. Durante a pandemia criaram [&hellip;]<\/p>\n","protected":false},"author":96,"featured_media":165729,"comment_status":"closed","ping_status":"closed","sticky":false,"template":"","format":"standard","meta":{"footnotes":""},"categories":[264],"tags":[],"class_list":["post-165737","post","type-post","status-publish","format-standard","has-post-thumbnail","hentry","category-eduardo-gomes"],"_links":{"self":[{"href":"https:\/\/diarioregionaldigital.com.br\/index.php?rest_route=\/wp\/v2\/posts\/165737","targetHints":{"allow":["GET"]}}],"collection":[{"href":"https:\/\/diarioregionaldigital.com.br\/index.php?rest_route=\/wp\/v2\/posts"}],"about":[{"href":"https:\/\/diarioregionaldigital.com.br\/index.php?rest_route=\/wp\/v2\/types\/post"}],"author":[{"embeddable":true,"href":"https:\/\/diarioregionaldigital.com.br\/index.php?rest_route=\/wp\/v2\/users\/96"}],"replies":[{"embeddable":true,"href":"https:\/\/diarioregionaldigital.com.br\/index.php?rest_route=%2Fwp%2Fv2%2Fcomments&post=165737"}],"version-history":[{"count":0,"href":"https:\/\/diarioregionaldigital.com.br\/index.php?rest_route=\/wp\/v2\/posts\/165737\/revisions"}],"wp:featuredmedia":[{"embeddable":true,"href":"https:\/\/diarioregionaldigital.com.br\/index.php?rest_route=\/wp\/v2\/media\/165729"}],"wp:attachment":[{"href":"https:\/\/diarioregionaldigital.com.br\/index.php?rest_route=%2Fwp%2Fv2%2Fmedia&parent=165737"}],"wp:term":[{"taxonomy":"category","embeddable":true,"href":"https:\/\/diarioregionaldigital.com.br\/index.php?rest_route=%2Fwp%2Fv2%2Fcategories&post=165737"},{"taxonomy":"post_tag","embeddable":true,"href":"https:\/\/diarioregionaldigital.com.br\/index.php?rest_route=%2Fwp%2Fv2%2Ftags&post=165737"}],"curies":[{"name":"wp","href":"https:\/\/api.w.org\/{rel}","templated":true}]}}