{"id":165724,"date":"2020-07-30T20:47:17","date_gmt":"2020-07-30T23:47:17","guid":{"rendered":"https:\/\/diarioregionaldigital.com.br\/?p=165724"},"modified":"2020-07-30T20:47:17","modified_gmt":"2020-07-30T23:47:17","slug":"covid-19-brasil-chega-a-26-milhoes-de-casos-e-912-mil-mortes","status":"publish","type":"post","link":"https:\/\/diarioregionaldigital.com.br\/?p=165724","title":{"rendered":"Covid-19: Brasil chega a 2,6 milh\u00f5es de casos e 91,2 mil mortes"},"content":{"rendered":"<p>O Brasil chegou a 2.610.102 casos acumulados de covid-19. Nas \u00faltimas 24 horas, foram registradas mais 57.837 pessoas infectadas.\u00a0<span id=\"OBJ_PREFIX_DWT229_com_zimbra_date\" role=\"link\"><span id=\"OBJ_PREFIX_DWT236_com_zimbra_date\" role=\"link\">Ontem (29)<\/span><\/span>, o sistema trazia 2.552.265 casos desde o in\u00edcio da pandemia. Os dados s\u00e3o da atualiza\u00e7\u00e3o di\u00e1ria do Minist\u00e9rio da Sa\u00fade, divulgada no in\u00edcio da noite desta\u00a0<span id=\"OBJ_PREFIX_DWT230_com_zimbra_date\" role=\"link\"><span id=\"OBJ_PREFIX_DWT237_com_zimbra_date\" role=\"link\">quinta<\/span><\/span>-feira (30).<img decoding=\"async\" src=\"https:\/\/agenciabrasil.ebc.com.br\/ebc.png?id=1312659&amp;o=node\" \/><img decoding=\"async\" src=\"https:\/\/agenciabrasil.ebc.com.br\/ebc.gif?id=1312659&amp;o=node\" \/><\/p>\n<p>Tamb\u00e9m conforme o balan\u00e7o do \u00f3rg\u00e3o, foram 91.263 vidas perdidas desde o in\u00edcio da pandemia. O painel recebeu 1.129 novos registros nas \u00faltimas 24 horas. Ainda h\u00e1 3.591 \u00f3bitos em investiga\u00e7\u00e3o.\u00a0<span id=\"OBJ_PREFIX_DWT231_com_zimbra_date\" role=\"link\"><span id=\"OBJ_PREFIX_DWT238_com_zimbra_date\" role=\"link\">Ontem<\/span><\/span>, o sistema marcava 90.134 falecimentos em fun\u00e7\u00e3o da doen\u00e7a.<\/p>\n<p>Ainda de acordo com a atualiza\u00e7\u00e3o di\u00e1ria do Minist\u00e9rio da Sa\u00fade, h\u00e1 694.744 pacientes em acompanhamento. Outras 1.824.095 pessoas j\u00e1 se recuperaram da covid-19.<\/p>\n<p>A taxa de letalidade (n\u00famero de mortes pelo total de casos) ficou em 3.5%. A mortalidade (quantidade de \u00f3bitos por 100 mil habitantes) atingiu 43,4. A incid\u00eancia dos casos de covid-19 por 100 mil habitantes \u00e9 de 1.242.<\/p>\n<p><strong>Covid-19 nos estados<\/strong><\/p>\n<p>Os estados com mais mortes s\u00e3o: S\u00e3o Paulo (22.710), Rio<span id=\"OBJ_PREFIX_DWT233_com_zimbra_date\" role=\"link\">\u00a0de Janeiro<\/span>\u00a0(13.348), Cear\u00e1 (7.661), Pernambuco (6.526) e Par\u00e1 (5.699). As Unidades da Federa\u00e7\u00e3o com menos falecimentos pela pandemia s\u00e3o: Mato Grosso do Sul (357), Tocantins (368), Roraima (501), Acre (521) e Amap\u00e1 (561).<\/p>\n<p>J\u00e1 em termos de casos, S\u00e3o Paulo lidera (529.006), seguido por Cear\u00e1 (171.468), Rio<span id=\"OBJ_PREFIX_DWT234_com_zimbra_date\" role=\"link\">\u00a0de Janeiro<\/span>\u00a0(163.642), Bahia (161.630) e Par\u00e1 (153.350). Os estados com menos pessoas infectadas at\u00e9 o momento s\u00e3o: Acre (19.573), Tocantins (24.278), Mato Grosso do Sul (24.287), Roraima (31.455) e Amap\u00e1 (36.272).<\/p>\n<p>Mas segundo o boletim epidemiol\u00f3gico divulgado\u00a0<span id=\"OBJ_PREFIX_DWT235_com_zimbra_date\" role=\"link\"><span id=\"OBJ_PREFIX_DWT240_com_zimbra_date\" role=\"link\">ontem<\/span><\/span>\u00a0pelo Minist\u00e9rio da Sa\u00fade, Roraima teve maior crescimento de mortes e casos na 30\u00aa\u00a0semana epidemiol\u00f3gica\u00a0em rela\u00e7\u00e3o \u00e0 anterior (80% e 146%, respectivamente). O Amap\u00e1 teve grande aumento de \u00f3bitos\u00a0no mesmo per\u00edodo (53%), bem como o Tocantins (41%).<\/p>\n<p><strong>Fonte:<\/strong> Ag\u00eancia Brasil<\/p>\n","protected":false},"excerpt":{"rendered":"<p>O Brasil chegou a 2.610.102 casos acumulados de covid-19. Nas \u00faltimas 24 horas, foram registradas mais 57.837 pessoas infectadas.\u00a0Ontem (29), o sistema trazia 2.552.265 casos desde o in\u00edcio da pandemia. Os dados s\u00e3o da atualiza\u00e7\u00e3o di\u00e1ria do Minist\u00e9rio da Sa\u00fade, divulgada no in\u00edcio da noite desta\u00a0quinta-feira (30). Tamb\u00e9m conforme o balan\u00e7o do \u00f3rg\u00e3o, foram 91.263 [&hellip;]<\/p>\n","protected":false},"author":96,"featured_media":164887,"comment_status":"closed","ping_status":"closed","sticky":false,"template":"","format":"standard","meta":{"footnotes":""},"categories":[302,436,440,439],"tags":[],"class_list":["post-165724","post","type-post","status-publish","format-standard","has-post-thumbnail","hentry","category-brasil-mundo","category-destaque-da-semana","category-destaques-do-dia","category-ultima-hora"],"_links":{"self":[{"href":"https:\/\/diarioregionaldigital.com.br\/index.php?rest_route=\/wp\/v2\/posts\/165724","targetHints":{"allow":["GET"]}}],"collection":[{"href":"https:\/\/diarioregionaldigital.com.br\/index.php?rest_route=\/wp\/v2\/posts"}],"about":[{"href":"https:\/\/diarioregionaldigital.com.br\/index.php?rest_route=\/wp\/v2\/types\/post"}],"author":[{"embeddable":true,"href":"https:\/\/diarioregionaldigital.com.br\/index.php?rest_route=\/wp\/v2\/users\/96"}],"replies":[{"embeddable":true,"href":"https:\/\/diarioregionaldigital.com.br\/index.php?rest_route=%2Fwp%2Fv2%2Fcomments&post=165724"}],"version-history":[{"count":0,"href":"https:\/\/diarioregionaldigital.com.br\/index.php?rest_route=\/wp\/v2\/posts\/165724\/revisions"}],"wp:featuredmedia":[{"embeddable":true,"href":"https:\/\/diarioregionaldigital.com.br\/index.php?rest_route=\/wp\/v2\/media\/164887"}],"wp:attachment":[{"href":"https:\/\/diarioregionaldigital.com.br\/index.php?rest_route=%2Fwp%2Fv2%2Fmedia&parent=165724"}],"wp:term":[{"taxonomy":"category","embeddable":true,"href":"https:\/\/diarioregionaldigital.com.br\/index.php?rest_route=%2Fwp%2Fv2%2Fcategories&post=165724"},{"taxonomy":"post_tag","embeddable":true,"href":"https:\/\/diarioregionaldigital.com.br\/index.php?rest_route=%2Fwp%2Fv2%2Ftags&post=165724"}],"curies":[{"name":"wp","href":"https:\/\/api.w.org\/{rel}","templated":true}]}}