{"id":165721,"date":"2020-07-30T18:35:18","date_gmt":"2020-07-30T21:35:18","guid":{"rendered":"https:\/\/diarioregionaldigital.com.br\/?p=165721"},"modified":"2020-07-30T18:35:18","modified_gmt":"2020-07-30T21:35:18","slug":"covid-19-jf-encerra-julho-dentro-do-cenario-otimista-projetado-por-pesquisadores","status":"publish","type":"post","link":"https:\/\/diarioregionaldigital.com.br\/?p=165721","title":{"rendered":"Covid-19 &#8211; JF encerra julho dentro do cen\u00e1rio otimista projetado por pesquisadores"},"content":{"rendered":"<div id=\"box_texto_noticia\">Juiz de Fora registra at\u00e9 esta quinta-feira, 30, 3.460 casos confirmados de covid-19. Nota t\u00e9cnica divulgada pela Universidade Federal de Juiz de Fora (UFJF) na segunda quinzena de julho apresentava a possibilidade de a cidade ultrapassar cinco mil casos neste m\u00eas. Segundo o pesquisador Rodrigo Weber, membro do Programa de P\u00f3s-gradua\u00e7\u00e3o em Modelagem Computacional e um dos autores do estudo, o Munic\u00edpio ficou dentro do intervalo de confian\u00e7a do cen\u00e1rio otimista, que projetava quatro mil casos at\u00e9 o \u00faltimo dia 28: \u201cIsso indica que houve nessas duas semanas maior respeito ao isolamento\u201d.<\/p>\n<p>Para ficar dentro do cen\u00e1rio pessimista, que projetava cinco mil casos at\u00e9 o final de julho, a taxa de isolamento da cidade teria que cair pela metade. \u201cH\u00e1 15 dias o isolamento estava em 50%. No pior quadro esse \u00edndice cairia pela metade, chegando a 25%. Percebemos que ficamos longe desse cen\u00e1rio nessas duas semanas\u201d, explicou Weber. O pesquisador ressaltou que a nota \u00e9 gerada com base em modelos de proje\u00e7\u00e3o (depende de cen\u00e1rio controlado) e n\u00e3o de previs\u00e3o (quando, incondicionalmente, algo acontecer\u00e1).<\/p>\n<p>Dados do boletim epidemiol\u00f3gico divulgado diariamente pela Prefeitura de Juiz de Fora (PJF)\u00a0apontam que a cidade registrou maior n\u00famero de casos na semana de 29 de junho a 6 de julho, com 613 novas confirma\u00e7\u00f5es. Na seguinte, de 6 a 13, 373 registros. De 13 a 20 de julho, 408 casos. Nesta \u00faltima, de 20 a 27 de julho, 277.<\/p>\n<p>De acordo com a gerente do Departamento de Vigil\u00e2ncia Epidemiol\u00f3gica e Ambiental (Dvea) , Cec\u00edlia Kosmann, houve mudan\u00e7a no quadro apresentado pela cidade em rela\u00e7\u00e3o ao coronav\u00edrus. Entretanto, \u201capesar de Juiz de Fora registrar menor n\u00famero de casos novos em rela\u00e7\u00e3o \u00e0s semanas anteriores, ainda h\u00e1 alta circula\u00e7\u00e3o do v\u00edrus. Portanto, \u00e9 necess\u00e1rio manter as orienta\u00e7\u00f5es sanit\u00e1rias, com o uso de m\u00e1scara, higieniza\u00e7\u00e3o das m\u00e3os e de ambientes e isolamento, para os que podem ficar em casa\u201d. Sobre o pico de cont\u00e1gio, Kosmann apontou que \u201cainda n\u00e3o \u00e9 poss\u00edvel afirmar que o Munic\u00edpio vivenciou este momento no final de junho, tendo em vista o dinamismo da doen\u00e7a . Neste momento, a tend\u00eancia que se observa em Minas Gerais \u00e9 de plat\u00f4, ou seja, estabilidade na m\u00e9dia de novos registros\u201d.<\/p>\n<p><b>Isolamento social em Juiz de Fora<\/b><\/p>\n<p>Neste m\u00eas, pegando como refer\u00eancia o per\u00edodo de 1\u00ba a 29 de julho, o Munic\u00edpio registrou m\u00e9dia de isolamento de 49,91%, sendo que, na primeira e \u00faltima semanas apresentaram \u00edndices mais altos, de 50,07% e 50,12%, respectivamente. Desde 13 de abril, quando a taxa passou a ser computada, o a cidade n\u00e3o registrou em nenhuma ocasi\u00e3o isolamento inferior a 47%. Estes dados s\u00e3o de dom\u00ednio p\u00fablico e podem ser encontrados no\u00a0portal \u201cCovid\u201d da PJF.<\/p>\n<p><b>Nota T\u00e9cnica 03 &#8211; UFJF e UFSJ<\/b><\/p>\n<p>O estudo utilizado com refer\u00eancia neste texto \u00e9 intitulado de \u201cImpacto das Mudan\u00e7as de Pol\u00edticas de Mitiga\u00e7\u00e3o ao Longo do Tempo: Caracteriza\u00e7\u00e3o e Proje\u00e7\u00f5es Para a Pandemia Covid-19 do Brasil, Minas Gerais, Juiz de Fora e S\u00e3o Jo\u00e3o del\u2019Rei\u201d, publicado em 17 de julho, de autoria dos pesquisadores Ruy Freitas Reis e Rodrigo Weber dos Santos, da UFJF, e de Rafael Sachetto Oliveira e Carolina Ribeiro Xavier, da Universidade Federal de S\u00e3o Jo\u00e3o del\u2019Rei (UFSJ).<\/p><\/div>\n<p><strong>Fonte:\u00a0<\/strong>Assessoria<\/p>\n<div id=\"box_compartilhar\" align=\"right\"><\/div>\n<div align=\"right\"><\/div>\n","protected":false},"excerpt":{"rendered":"<p>Juiz de Fora registra at\u00e9 esta quinta-feira, 30, 3.460 casos confirmados de covid-19. Nota t\u00e9cnica divulgada pela Universidade Federal de Juiz de Fora (UFJF) na segunda quinzena de julho apresentava a possibilidade de a cidade ultrapassar cinco mil casos neste m\u00eas. Segundo o pesquisador Rodrigo Weber, membro do Programa de P\u00f3s-gradua\u00e7\u00e3o em Modelagem Computacional e [&hellip;]<\/p>\n","protected":false},"author":96,"featured_media":160914,"comment_status":"closed","ping_status":"closed","sticky":false,"template":"","format":"standard","meta":{"footnotes":""},"categories":[253,436,440,439],"tags":[],"class_list":["post-165721","post","type-post","status-publish","format-standard","has-post-thumbnail","hentry","category-cidade","category-destaque-da-semana","category-destaques-do-dia","category-ultima-hora"],"_links":{"self":[{"href":"https:\/\/diarioregionaldigital.com.br\/index.php?rest_route=\/wp\/v2\/posts\/165721","targetHints":{"allow":["GET"]}}],"collection":[{"href":"https:\/\/diarioregionaldigital.com.br\/index.php?rest_route=\/wp\/v2\/posts"}],"about":[{"href":"https:\/\/diarioregionaldigital.com.br\/index.php?rest_route=\/wp\/v2\/types\/post"}],"author":[{"embeddable":true,"href":"https:\/\/diarioregionaldigital.com.br\/index.php?rest_route=\/wp\/v2\/users\/96"}],"replies":[{"embeddable":true,"href":"https:\/\/diarioregionaldigital.com.br\/index.php?rest_route=%2Fwp%2Fv2%2Fcomments&post=165721"}],"version-history":[{"count":0,"href":"https:\/\/diarioregionaldigital.com.br\/index.php?rest_route=\/wp\/v2\/posts\/165721\/revisions"}],"wp:featuredmedia":[{"embeddable":true,"href":"https:\/\/diarioregionaldigital.com.br\/index.php?rest_route=\/wp\/v2\/media\/160914"}],"wp:attachment":[{"href":"https:\/\/diarioregionaldigital.com.br\/index.php?rest_route=%2Fwp%2Fv2%2Fmedia&parent=165721"}],"wp:term":[{"taxonomy":"category","embeddable":true,"href":"https:\/\/diarioregionaldigital.com.br\/index.php?rest_route=%2Fwp%2Fv2%2Fcategories&post=165721"},{"taxonomy":"post_tag","embeddable":true,"href":"https:\/\/diarioregionaldigital.com.br\/index.php?rest_route=%2Fwp%2Fv2%2Ftags&post=165721"}],"curies":[{"name":"wp","href":"https:\/\/api.w.org\/{rel}","templated":true}]}}