{"id":165718,"date":"2020-07-30T18:33:02","date_gmt":"2020-07-30T21:33:02","guid":{"rendered":"https:\/\/diarioregionaldigital.com.br\/?p=165718"},"modified":"2020-07-30T18:33:02","modified_gmt":"2020-07-30T21:33:02","slug":"traficante-e-preso-por-dirigir-com-cnh-falsa","status":"publish","type":"post","link":"https:\/\/diarioregionaldigital.com.br\/?p=165718","title":{"rendered":"Traficante \u00e9 preso por dirigir com CNH falsa"},"content":{"rendered":"<p>Um homem de 34 anos, considerado um dos maiores traficantes da capital Belo Horizonte, foi preso no Km 766 da BR-040 pela Pol\u00edcia Rodovi\u00e1ria Federal (PRF), ao ser flagrado dirigindo com Carteira Nacional de Habilita\u00e7\u00e3o (CNH) falsa. O autor <span style=\"font-weight: 400;\">trafegava pela rodovia com a esposa e duas crian\u00e7as num ve\u00edculo de luxo avaliado em mais de\u00a0 R$100.000,00, quando foi abordado pela PRF na Unidade Operacional em Juiz de Fora.\u00a0 Ele declarou vir de Maca\u00e9\/RJ com destino a Belo Horizonte\/MG, quando apresentou \u00e0 fiscaliza\u00e7\u00e3o a CNH falsa.<\/span><\/p>\n<p>Durante abordagem, os policiais constataram que os dados apresentados no documento n\u00e3o se enquadravam com o do cidad\u00e3o abordado. <span style=\"font-weight: 400;\">Ap\u00f3s pesquisas em diversos sistemas policiais, inclusive os da Pol\u00edcia Civil e Pol\u00edcia Militar de Minas Gerais, verificou-se que o homem era, na verdade, um traficante que dominou a regi\u00e3o metropolitana de Belo Horizonte h\u00e1 alguns anos.<\/span><\/p>\n<p><span style=\"font-weight: 400;\">O homem chegou a movimentar milh\u00f5es de reais por ano com o crime, importando pasta base de coca\u00edna da Bol\u00edvia para o Brasil. Acredita-se que a quadrilha comandada por ele, chegou a trazer mais de uma tonelada da droga por m\u00eas no auge da sua a\u00e7\u00e3o. No ano de 2012, a quadrilha foi desmantelada <\/span><span style=\"font-weight: 400;\">ap\u00f3s descobrirem um carregamento de coca\u00edna escondido dentro de um bloco de granito no porto de Vit\u00f3ria\/ES. Naquela ocasi\u00e3o, o grupo se preparava para atuar no tr\u00e1fico internacional.<\/span><\/p>\n<p>Al\u00e9m disso, foi constatado que ele j\u00e1 cumpriu pena de 10 anos, no entanto, <span style=\"font-weight: 400;\">ao ganhar a liberdade e na tentativa de n\u00e3o ser reconhecido, resolveu fazer uso de um documento falso, com outra identidade. A CNH apresentada pelo criminoso era um documento com todos os elementos de seguran\u00e7a, emitida pelo \u00f3rg\u00e3o p\u00fablico atrav\u00e9s de dados fraudulentos. <\/span><\/p>\n<p>Em relatos aos policiais, o suspeito diz que pagou <span style=\"font-weight: 400;\">R$5.000,00 pela carteira em Belo Horizonte e estaria usando o documento h\u00e1 mais de um m\u00eas. Diante dos fatos, o infrator foi preso em flagrante e conduzido \u00e0 cadeia em Matias Barbosa.<\/span><\/p>\n<p>&nbsp;<\/p>\n<p>&nbsp;<\/p>\n","protected":false},"excerpt":{"rendered":"<p>Um homem de 34 anos, considerado um dos maiores traficantes da capital Belo Horizonte, foi preso no Km 766 da BR-040 pela Pol\u00edcia Rodovi\u00e1ria Federal (PRF), ao ser flagrado dirigindo com Carteira Nacional de Habilita\u00e7\u00e3o (CNH) falsa. O autor trafegava pela rodovia com a esposa e duas crian\u00e7as num ve\u00edculo de luxo avaliado em mais [&hellip;]<\/p>\n","protected":false},"author":96,"featured_media":165719,"comment_status":"closed","ping_status":"closed","sticky":false,"template":"","format":"standard","meta":{"footnotes":""},"categories":[301,436,439],"tags":[],"class_list":["post-165718","post","type-post","status-publish","format-standard","has-post-thumbnail","hentry","category-artigos-policiais","category-destaque-da-semana","category-ultima-hora"],"_links":{"self":[{"href":"https:\/\/diarioregionaldigital.com.br\/index.php?rest_route=\/wp\/v2\/posts\/165718","targetHints":{"allow":["GET"]}}],"collection":[{"href":"https:\/\/diarioregionaldigital.com.br\/index.php?rest_route=\/wp\/v2\/posts"}],"about":[{"href":"https:\/\/diarioregionaldigital.com.br\/index.php?rest_route=\/wp\/v2\/types\/post"}],"author":[{"embeddable":true,"href":"https:\/\/diarioregionaldigital.com.br\/index.php?rest_route=\/wp\/v2\/users\/96"}],"replies":[{"embeddable":true,"href":"https:\/\/diarioregionaldigital.com.br\/index.php?rest_route=%2Fwp%2Fv2%2Fcomments&post=165718"}],"version-history":[{"count":0,"href":"https:\/\/diarioregionaldigital.com.br\/index.php?rest_route=\/wp\/v2\/posts\/165718\/revisions"}],"wp:featuredmedia":[{"embeddable":true,"href":"https:\/\/diarioregionaldigital.com.br\/index.php?rest_route=\/wp\/v2\/media\/165719"}],"wp:attachment":[{"href":"https:\/\/diarioregionaldigital.com.br\/index.php?rest_route=%2Fwp%2Fv2%2Fmedia&parent=165718"}],"wp:term":[{"taxonomy":"category","embeddable":true,"href":"https:\/\/diarioregionaldigital.com.br\/index.php?rest_route=%2Fwp%2Fv2%2Fcategories&post=165718"},{"taxonomy":"post_tag","embeddable":true,"href":"https:\/\/diarioregionaldigital.com.br\/index.php?rest_route=%2Fwp%2Fv2%2Ftags&post=165718"}],"curies":[{"name":"wp","href":"https:\/\/api.w.org\/{rel}","templated":true}]}}