{"id":165715,"date":"2020-07-30T18:18:54","date_gmt":"2020-07-30T21:18:54","guid":{"rendered":"https:\/\/diarioregionaldigital.com.br\/?p=165715"},"modified":"2020-07-30T18:20:03","modified_gmt":"2020-07-30T21:20:03","slug":"covid-19-pjf-confirma-mais-36-novos-casos","status":"publish","type":"post","link":"https:\/\/diarioregionaldigital.com.br\/?p=165715","title":{"rendered":"Covid-19: PJF confirma mais 36 novos casos"},"content":{"rendered":"<p>O novo boletim divulgado nesta quinta-feira (30), pela Secretaria de Sa\u00fade (SS) da Prefeitura de Juiz de Fora (PJF), registrou mais 36 novos casos por Coronav\u00edrus em Juiz de Fora, totalizando 3.460. Al\u00e9m disso, foram registradas mais duas mortes, contabilizando 114. Uma das v\u00edtimas \u00e9 uma idosa, de 69 anos, que morreu nessa quarta-feira, 29. Ela apresentava como comorbidade, Doen\u00e7a Cardiovascular Cr\u00f4nica (DCC). O outro \u00f3bito \u00e9 de um idoso, de 61 anos, que morreu nesta quinta, 30. Ele tinha Doen\u00e7a Cardiovascular Cr\u00f4nica (DCC) e Diabetes Mellitus (DM). O boletim ainda registrou mais 146 novas suspeitas, contabilizando 12.949.<\/p>\n<p>&nbsp;<\/p>\n","protected":false},"excerpt":{"rendered":"<p>O novo boletim divulgado nesta quinta-feira (30), pela Secretaria de Sa\u00fade (SS) da Prefeitura de Juiz de Fora (PJF), registrou mais 36 novos casos por Coronav\u00edrus em Juiz de Fora, totalizando 3.460. Al\u00e9m disso, foram registradas mais duas mortes, contabilizando 114. Uma das v\u00edtimas \u00e9 uma idosa, de 69 anos, que morreu nessa quarta-feira, 29. [&hellip;]<\/p>\n","protected":false},"author":96,"featured_media":161260,"comment_status":"closed","ping_status":"closed","sticky":false,"template":"","format":"standard","meta":{"footnotes":""},"categories":[253,436,440,439],"tags":[],"class_list":["post-165715","post","type-post","status-publish","format-standard","has-post-thumbnail","hentry","category-cidade","category-destaque-da-semana","category-destaques-do-dia","category-ultima-hora"],"_links":{"self":[{"href":"https:\/\/diarioregionaldigital.com.br\/index.php?rest_route=\/wp\/v2\/posts\/165715","targetHints":{"allow":["GET"]}}],"collection":[{"href":"https:\/\/diarioregionaldigital.com.br\/index.php?rest_route=\/wp\/v2\/posts"}],"about":[{"href":"https:\/\/diarioregionaldigital.com.br\/index.php?rest_route=\/wp\/v2\/types\/post"}],"author":[{"embeddable":true,"href":"https:\/\/diarioregionaldigital.com.br\/index.php?rest_route=\/wp\/v2\/users\/96"}],"replies":[{"embeddable":true,"href":"https:\/\/diarioregionaldigital.com.br\/index.php?rest_route=%2Fwp%2Fv2%2Fcomments&post=165715"}],"version-history":[{"count":0,"href":"https:\/\/diarioregionaldigital.com.br\/index.php?rest_route=\/wp\/v2\/posts\/165715\/revisions"}],"wp:featuredmedia":[{"embeddable":true,"href":"https:\/\/diarioregionaldigital.com.br\/index.php?rest_route=\/wp\/v2\/media\/161260"}],"wp:attachment":[{"href":"https:\/\/diarioregionaldigital.com.br\/index.php?rest_route=%2Fwp%2Fv2%2Fmedia&parent=165715"}],"wp:term":[{"taxonomy":"category","embeddable":true,"href":"https:\/\/diarioregionaldigital.com.br\/index.php?rest_route=%2Fwp%2Fv2%2Fcategories&post=165715"},{"taxonomy":"post_tag","embeddable":true,"href":"https:\/\/diarioregionaldigital.com.br\/index.php?rest_route=%2Fwp%2Fv2%2Ftags&post=165715"}],"curies":[{"name":"wp","href":"https:\/\/api.w.org\/{rel}","templated":true}]}}