{"id":165706,"date":"2020-07-30T17:44:34","date_gmt":"2020-07-30T20:44:34","guid":{"rendered":"https:\/\/diarioregionaldigital.com.br\/?p=165706"},"modified":"2020-07-30T17:44:34","modified_gmt":"2020-07-30T20:44:34","slug":"pesquisadores-da-ufjf-divulgam-mais-uma-nota-referente-a-casos-e-mortes-confirmadas-por-coronavirus","status":"publish","type":"post","link":"https:\/\/diarioregionaldigital.com.br\/?p=165706","title":{"rendered":"Pesquisadores da UFJF divulgam mais uma nota referente a casos e mortes confirmadas por Coronav\u00edrus"},"content":{"rendered":"<p><span style=\"font-weight: 400;\">O grupo de modelagem formado por pesquisadores da Universidade Federal de Juiz de Fora (UFJF), divulgou mais uma nota referente aos casos e mortes confirmadas por Coronav\u00edrus no munic\u00edpio.\u00a0<\/span><\/p>\n<p><span style=\"font-weight: 400;\">Os dados referentes ao per\u00edodo de 12 a 18 de julho, Juiz de Fora obteve uma redu\u00e7\u00e3o de 45,1% e 26,7% nos casos confirmados e vidas perdidas, respectivamente. No entanto, segundo uma das pesquisadoras, Isabel Leite, o per\u00edodo analisado obteve n\u00fameros muito altos nos quesitos analisados:<\/span><\/p>\n<p><span style=\"font-weight: 400;\">\u201cMesmo com essas redu\u00e7\u00f5es, a 30\u00aa semana epidemiol\u00f3gica \u00e9 colocada como a 6\u00aa com o maior n\u00famero de casos e a 3\u00aa com o maior n\u00famero de vidas perdidas para a Covid-19 desde o in\u00edcio da pandemia. Ent\u00e3o, essa redu\u00e7\u00e3o deve ser vista criticamente.\u201d<\/span><\/p>\n<p><span style=\"font-weight: 400;\">Al\u00e9m disso, no dia 25 o grupo observou aumento de 8% e 11,8% nos mesmos par\u00e2metros, no munic\u00edpio, em rela\u00e7\u00e3o ao registrado no dia 18.\u00a0<\/span><\/p>\n<p><b>Par\u00e2metros da OMS<\/b><\/p>\n<p><span style=\"font-weight: 400;\">Conforme a nota dos pesquisadores, Juiz de Fora e a macrorregi\u00e3o sudeste de Minas Gerais, permanecem fora dos par\u00e2metros da Organiza\u00e7\u00e3o Mundial da Sa\u00fade (OMS), os quais consideram a pandemia controlada pelo munic\u00edpio. Para que seja alcan\u00e7ada tal meta, seria necess\u00e1ria uma redu\u00e7\u00e3o de pelo menos 50%, de forma cont\u00ednua, do n\u00famero semanal de novos casos por um per\u00edodo de tr\u00eas semanas desde o \u00faltimo pico; a redu\u00e7\u00e3o, por pelo menos tr\u00eas semanas sucessivas, do n\u00famero de vidas perdidas no munic\u00edpio e valores do N\u00famero de Reprodu\u00e7\u00e3o Efetivo (Rt). Este \u00faltimo requisito abrange em m\u00e9dia o n\u00famero de casos secund\u00e1rios contaminados por uma pessoa infectada por Coronav\u00edrus. Para que a pandemia esteja controlada, o Rt deve estar abaixo de 1, durante per\u00edodo de duas semanas.<\/span><\/p>\n<p><span style=\"font-weight: 400;\">Al\u00e9m disso, a entidade adota outros quesitos para controle da pandemia, dentre eles: \u201co n\u00famero de testes positivos para Covid-19 precisa estar abaixo de 5% por 2 semanas; a propor\u00e7\u00e3o de testes positivos para quadros gripais devem estar abaixo de 5% por 2 semanas; deve-se ter conhecimento da cadeia de transmiss\u00e3o de pelo menos 80% dos novos casos; n\u00famero de mortes por pneumonia, em faixas et\u00e1rias nas quais estava alto, precisa estar em queda\u201d.<\/span><\/p>\n<p><b>Taxa de letalidade<\/b><\/p>\n<p><span style=\"font-weight: 400;\">Os pesquisadores notaram que houve aumento da taxa de letalidade nas 28\u00aa, 29\u00aa e 30\u00aa semanas epidemiol\u00f3gicas em Juiz de Fora. No per\u00edodo analisado, 25 de julho, foi observado que a taxa de letalidade da Covid-19 era de 3,15% em Juiz de Fora e 2,92% na Macro Sudeste.\u00a0<\/span><\/p>\n<p><span style=\"font-weight: 400;\">Foi observado tamb\u00e9m aumento da frequ\u00eancia de interna\u00e7\u00f5es no setor p\u00fablico at\u00e9 a semana 29 e uma pequena redu\u00e7\u00e3o na semana 30. A maior parte dos munic\u00edpios da macrorregi\u00e3o Sudeste tiveram interna\u00e7\u00e3o por Covid-19 no setor p\u00fablico no per\u00edodo, com predom\u00ednio dos munic\u00edpios mais populosos, como Juiz de Fora (507), Muria\u00e9 (161), Leopoldina (134) e Al\u00e9m Para\u00edba (55). O grupo prev\u00ea pouco mais de 5 mil casos para o dia 11 de agosto.<\/span><\/p>\n<p>&nbsp;<\/p>\n","protected":false},"excerpt":{"rendered":"<p>O grupo de modelagem formado por pesquisadores da Universidade Federal de Juiz de Fora (UFJF), divulgou mais uma nota referente aos casos e mortes confirmadas por Coronav\u00edrus no munic\u00edpio.\u00a0 Os dados referentes ao per\u00edodo de 12 a 18 de julho, Juiz de Fora obteve uma redu\u00e7\u00e3o de 45,1% e 26,7% nos casos confirmados e vidas [&hellip;]<\/p>\n","protected":false},"author":96,"featured_media":165707,"comment_status":"closed","ping_status":"closed","sticky":false,"template":"","format":"standard","meta":{"footnotes":""},"categories":[253,436,440,439],"tags":[],"class_list":["post-165706","post","type-post","status-publish","format-standard","has-post-thumbnail","hentry","category-cidade","category-destaque-da-semana","category-destaques-do-dia","category-ultima-hora"],"_links":{"self":[{"href":"https:\/\/diarioregionaldigital.com.br\/index.php?rest_route=\/wp\/v2\/posts\/165706","targetHints":{"allow":["GET"]}}],"collection":[{"href":"https:\/\/diarioregionaldigital.com.br\/index.php?rest_route=\/wp\/v2\/posts"}],"about":[{"href":"https:\/\/diarioregionaldigital.com.br\/index.php?rest_route=\/wp\/v2\/types\/post"}],"author":[{"embeddable":true,"href":"https:\/\/diarioregionaldigital.com.br\/index.php?rest_route=\/wp\/v2\/users\/96"}],"replies":[{"embeddable":true,"href":"https:\/\/diarioregionaldigital.com.br\/index.php?rest_route=%2Fwp%2Fv2%2Fcomments&post=165706"}],"version-history":[{"count":0,"href":"https:\/\/diarioregionaldigital.com.br\/index.php?rest_route=\/wp\/v2\/posts\/165706\/revisions"}],"wp:featuredmedia":[{"embeddable":true,"href":"https:\/\/diarioregionaldigital.com.br\/index.php?rest_route=\/wp\/v2\/media\/165707"}],"wp:attachment":[{"href":"https:\/\/diarioregionaldigital.com.br\/index.php?rest_route=%2Fwp%2Fv2%2Fmedia&parent=165706"}],"wp:term":[{"taxonomy":"category","embeddable":true,"href":"https:\/\/diarioregionaldigital.com.br\/index.php?rest_route=%2Fwp%2Fv2%2Fcategories&post=165706"},{"taxonomy":"post_tag","embeddable":true,"href":"https:\/\/diarioregionaldigital.com.br\/index.php?rest_route=%2Fwp%2Fv2%2Ftags&post=165706"}],"curies":[{"name":"wp","href":"https:\/\/api.w.org\/{rel}","templated":true}]}}