{"id":165703,"date":"2020-07-30T17:10:08","date_gmt":"2020-07-30T20:10:08","guid":{"rendered":"https:\/\/diarioregionaldigital.com.br\/?p=165703"},"modified":"2020-07-30T17:10:08","modified_gmt":"2020-07-30T20:10:08","slug":"nova-versao-do-minas-consciente-e-tema-de-coletiva-virtual","status":"publish","type":"post","link":"https:\/\/diarioregionaldigital.com.br\/?p=165703","title":{"rendered":"Nova vers\u00e3o do Minas Consciente \u00e9 tema de coletiva virtual"},"content":{"rendered":"<p>Nesta quinta-feira (30), o secret\u00e1rio de Estado de Sa\u00fade\u00a0de Minas Gerais, Carlos Eduardo Amaral, e o secret\u00e1rio adjunto de\u00a0Desenvolvimento Econ\u00f4mico, Fernando Passalio, falaram em coletiva virtual sobre as mudan\u00e7as e os novos indicadores considerados pelo plano Minas Consciente. De acordo com Amaral, a mudan\u00e7a no padr\u00e3o da pandemia, com a desacelera\u00e7\u00e3o na curva de aumento dos casos, trouxe a necessidade de reavaliar o plano, readequando-o \u00e0s necessidades do atual cen\u00e1rio.<\/p>\n<p>O novo modelo considerou uma consulta p\u00fablica com 630 contribui\u00e7\u00f5es de toda a sociedade e foi desenvolvido para simplificar as regras, tornar os crit\u00e9rios mais intuitivos e contemplar as necessidades espec\u00edficas dos munic\u00edpios, principalmente aqueles com menos de 30 mil habitantes. Para definir as mudan\u00e7as, foi considerado, entre outros fatores, o aumento de 71,8% no n\u00famero de leitos de UTI na rede p\u00fablica de Sa\u00fade nos \u00faltimos tr\u00eas meses.<\/p>\n<p>Carlos Eduardo Amaral lembrou as a\u00e7\u00f5es realizadas at\u00e9 o momento. \u201cNo intervalo entre mar\u00e7o e julho, em que nosso objetivo era preparar o estado para o enfrentamento \u00e0 covid-19, a SES-MG repassou R$ 1 bilh\u00e3o para toda a rede de sa\u00fade do estadual. Al\u00e9m disso, trabalhamos pelo aumento de 1,6 mil leitos de terapia intensiva e 3 mil leitos de enfermaria, compramos 1 mil respiradores e mantivemos o acompanhamento de todos os indicadores da epidemia, apresentando essas informa\u00e7\u00f5es semanalmente\u201d, detalhou.<\/p>\n<p><strong>Novos indicadores<\/strong><\/p>\n<p>Segundo o secret\u00e1rio adjunto Fernando Passalio, a vers\u00e3o atualizada do plano, que passa a valer a partir do dia 6 agosto, levar\u00e1 em considera\u00e7\u00e3o os seguintes indicadores para subsidiar as decis\u00f5es do Comit\u00ea Extraordin\u00e1rio: taxa de incid\u00eancia da covid-19, taxa de ocupa\u00e7\u00e3o de leitos de UTI adulto, taxa de ocupa\u00e7\u00e3o de leitos UTI adulto por covid-19, leitos por cem mil habitantes, positividade atual da taxa de transmiss\u00e3o (RT-PCR), taxa de incid\u00eancia e percentual de aumento da positividade dos exames PCR.<\/p>\n<p><strong>Fonte:\u00a0<\/strong>Ag\u00eancia Minas<\/p>\n","protected":false},"excerpt":{"rendered":"<p>Nesta quinta-feira (30), o secret\u00e1rio de Estado de Sa\u00fade\u00a0de Minas Gerais, Carlos Eduardo Amaral, e o secret\u00e1rio adjunto de\u00a0Desenvolvimento Econ\u00f4mico, Fernando Passalio, falaram em coletiva virtual sobre as mudan\u00e7as e os novos indicadores considerados pelo plano Minas Consciente. De acordo com Amaral, a mudan\u00e7a no padr\u00e3o da pandemia, com a desacelera\u00e7\u00e3o na curva de aumento [&hellip;]<\/p>\n","protected":false},"author":96,"featured_media":165704,"comment_status":"closed","ping_status":"closed","sticky":false,"template":"","format":"standard","meta":{"footnotes":""},"categories":[436,252,439],"tags":[],"class_list":["post-165703","post","type-post","status-publish","format-standard","has-post-thumbnail","hentry","category-destaque-da-semana","category-regiao","category-ultima-hora"],"_links":{"self":[{"href":"https:\/\/diarioregionaldigital.com.br\/index.php?rest_route=\/wp\/v2\/posts\/165703","targetHints":{"allow":["GET"]}}],"collection":[{"href":"https:\/\/diarioregionaldigital.com.br\/index.php?rest_route=\/wp\/v2\/posts"}],"about":[{"href":"https:\/\/diarioregionaldigital.com.br\/index.php?rest_route=\/wp\/v2\/types\/post"}],"author":[{"embeddable":true,"href":"https:\/\/diarioregionaldigital.com.br\/index.php?rest_route=\/wp\/v2\/users\/96"}],"replies":[{"embeddable":true,"href":"https:\/\/diarioregionaldigital.com.br\/index.php?rest_route=%2Fwp%2Fv2%2Fcomments&post=165703"}],"version-history":[{"count":0,"href":"https:\/\/diarioregionaldigital.com.br\/index.php?rest_route=\/wp\/v2\/posts\/165703\/revisions"}],"wp:featuredmedia":[{"embeddable":true,"href":"https:\/\/diarioregionaldigital.com.br\/index.php?rest_route=\/wp\/v2\/media\/165704"}],"wp:attachment":[{"href":"https:\/\/diarioregionaldigital.com.br\/index.php?rest_route=%2Fwp%2Fv2%2Fmedia&parent=165703"}],"wp:term":[{"taxonomy":"category","embeddable":true,"href":"https:\/\/diarioregionaldigital.com.br\/index.php?rest_route=%2Fwp%2Fv2%2Fcategories&post=165703"},{"taxonomy":"post_tag","embeddable":true,"href":"https:\/\/diarioregionaldigital.com.br\/index.php?rest_route=%2Fwp%2Fv2%2Ftags&post=165703"}],"curies":[{"name":"wp","href":"https:\/\/api.w.org\/{rel}","templated":true}]}}