{"id":165700,"date":"2020-07-30T17:07:46","date_gmt":"2020-07-30T20:07:46","guid":{"rendered":"https:\/\/diarioregionaldigital.com.br\/?p=165700"},"modified":"2020-07-30T17:07:46","modified_gmt":"2020-07-30T20:07:46","slug":"duas-pessoas-envolvidas-em-homicidios-sao-presas-pela-pcmg","status":"publish","type":"post","link":"https:\/\/diarioregionaldigital.com.br\/?p=165700","title":{"rendered":"Duas pessoas envolvidas em homic\u00eddios s\u00e3o presas pela PCMG"},"content":{"rendered":"<p><span style=\"font-weight: 400;\">A Pol\u00edcia Civil de Minas Gerais (PCMG), solucionou dois casos de homic\u00eddios, ocorridos nos meses de abril e maio em Juiz de Fora, que resultou na pris\u00e3o de dois jovens de 22 anos e est\u00e3o \u00e0 disposi\u00e7\u00e3o da Justi\u00e7a.<\/span><\/p>\n<p><span style=\"font-weight: 400;\">De acordo com o titular da Delegacia Especializada de Homic\u00eddios, Delegado Rodrigo Rolli, um dos casos esclarecidos ocorreu no dia 23 de abril, no Bairro Granjas Tr\u00eas Moinhos. Naquela ocasi\u00e3o, um homem de 48 anos, foi executado com disparos de arma de fogo e que o fato estaria ligado \u201ca uma tentativa de homic\u00eddio ocorrido ano passado e que era a mesma v\u00edtima naquela ocasi\u00e3o\u201d.<\/span><\/p>\n<p><span style=\"font-weight: 400;\">A autoridade policial diz que o autor do crime ocorrido em abril, estava em sistema prisional e foi liberado no dia 23 do mesmo m\u00eas, sendo que \u201cno dia seguinte foi executar a v\u00edtima. O autor estava com pris\u00e3o domiciliar decretada e a motiva\u00e7\u00e3o do crime seria por causa de uma audi\u00eancia agendada referente ao crime ocorrido no ano passado. O \u00fanico motivo que levou, segundo os pr\u00f3prios familiares em depoimentos bem minuciosos, demonstram que esse era o \u00fanico motivo de desaven\u00e7a que existia por parte da v\u00edtima. N\u00e3o tinha envolvimento com tr\u00e1fico e nenhum outro tipo de criminalidade\u201d.<\/span><\/p>\n<p><span style=\"font-weight: 400;\">O autor do crime teve a pris\u00e3o preventiva decretada no \u00faltimo dia 9 desse m\u00eas e foi feito o pedido para converter pris\u00e3o tempor\u00e1ria em preventiva junto ao Poder Judici\u00e1rio, e com o indiciamento do suspeito por homic\u00eddio consumado duplamente qualificado.<\/span><\/p>\n<p><span style=\"font-weight: 400;\">Conforme o inspetor Anderson Gibi, o autor foi encontrado em uma resid\u00eancia, onde estava escondido, no munic\u00edpio de S\u00e3o Jo\u00e3o Nepomuceno e \u201cem trabalho conjunto com\u00a0 entre as Pol\u00edcias Civil e Militar. No dia 9 de julho, ele foi preso e nessa pris\u00e3o foi flagrado ainda um tr\u00e1fico de drogas\u201d. Investiga\u00e7\u00f5es apontam que o jovem teria participa\u00e7\u00e3o em uma tentativa de homic\u00eddio registrada no dia 29 de maio, ainda em S\u00e3o Jo\u00e3o Nepomuceno.<\/span><\/p>\n<p><b>Segundo caso<\/b><\/p>\n<p><span style=\"font-weight: 400;\">Outra ocorr\u00eancia referente a homic\u00eddio ocorreu no Bairro de Lourdes no dia 21 de maio, quando um jovem de 29 anos foi encontrado morto na linha f\u00e9rrea. O autor do crime j\u00e1 foi identificado pela equipe de investigadores, junto com um menor infrator que participou no crime. Ap\u00f3s investiga\u00e7\u00f5es, foi cumprido mandado de pris\u00e3o expedido pela Justi\u00e7a, a pedido da autoridade policial:<\/span><\/p>\n<p><span style=\"font-weight: 400;\">\u201cO Poder Judici\u00e1rio e o Minist\u00e9rio P\u00fablico sempre nos auxiliam. Decretada essa pris\u00e3o, o autor, que estava foragido, apresentou-se na Delegacia Especializada de Homic\u00eddios, nessa ter\u00e7a-feira (28)\u201d, relata Rodrigo Rolli.<\/span><\/p>\n<p><span style=\"font-weight: 400;\">Conforme o inspetor Anderson Gibi, o crime ocorrido na linha f\u00e9rrea, tem rela\u00e7\u00e3o com o tr\u00e1fico de drogas e que o autor \u00e9 um dos chefes de uma fac\u00e7\u00e3o criminosa:<\/span><\/p>\n<p><span style=\"font-weight: 400;\">\u201cAli na regi\u00e3o que permeia o Po\u00e7o Rico e Bairro de Lourdes, existe uma organiza\u00e7\u00e3o criminosa que movimenta altos valores em rela\u00e7\u00e3o ao tr\u00e1fico de drogas, principalmente a venda de crack. Nesse caso, a v\u00edtima estava no local de venda de drogas, dessa fac\u00e7\u00e3o criminosa. Ele havia sido avisado para parar com o com\u00e9rcio, porque ali n\u00e3o era o lugar dele, na linguagem do tr\u00e1fico. A v\u00edtima continuou vendendo naquele ponto e um dia, o autor chegou no local junto com um menor, e efetuou o primeiro disparo. A v\u00edtima caiu e o autor conferiu para executar o crime de vez\u201d.<\/span><\/p>\n<p>&nbsp;<\/p>\n","protected":false},"excerpt":{"rendered":"<p>A Pol\u00edcia Civil de Minas Gerais (PCMG), solucionou dois casos de homic\u00eddios, ocorridos nos meses de abril e maio em Juiz de Fora, que resultou na pris\u00e3o de dois jovens de 22 anos e est\u00e3o \u00e0 disposi\u00e7\u00e3o da Justi\u00e7a. De acordo com o titular da Delegacia Especializada de Homic\u00eddios, Delegado Rodrigo Rolli, um dos casos [&hellip;]<\/p>\n","protected":false},"author":96,"featured_media":165701,"comment_status":"closed","ping_status":"closed","sticky":false,"template":"","format":"standard","meta":{"footnotes":""},"categories":[301,436,439],"tags":[],"class_list":["post-165700","post","type-post","status-publish","format-standard","has-post-thumbnail","hentry","category-artigos-policiais","category-destaque-da-semana","category-ultima-hora"],"_links":{"self":[{"href":"https:\/\/diarioregionaldigital.com.br\/index.php?rest_route=\/wp\/v2\/posts\/165700","targetHints":{"allow":["GET"]}}],"collection":[{"href":"https:\/\/diarioregionaldigital.com.br\/index.php?rest_route=\/wp\/v2\/posts"}],"about":[{"href":"https:\/\/diarioregionaldigital.com.br\/index.php?rest_route=\/wp\/v2\/types\/post"}],"author":[{"embeddable":true,"href":"https:\/\/diarioregionaldigital.com.br\/index.php?rest_route=\/wp\/v2\/users\/96"}],"replies":[{"embeddable":true,"href":"https:\/\/diarioregionaldigital.com.br\/index.php?rest_route=%2Fwp%2Fv2%2Fcomments&post=165700"}],"version-history":[{"count":0,"href":"https:\/\/diarioregionaldigital.com.br\/index.php?rest_route=\/wp\/v2\/posts\/165700\/revisions"}],"wp:featuredmedia":[{"embeddable":true,"href":"https:\/\/diarioregionaldigital.com.br\/index.php?rest_route=\/wp\/v2\/media\/165701"}],"wp:attachment":[{"href":"https:\/\/diarioregionaldigital.com.br\/index.php?rest_route=%2Fwp%2Fv2%2Fmedia&parent=165700"}],"wp:term":[{"taxonomy":"category","embeddable":true,"href":"https:\/\/diarioregionaldigital.com.br\/index.php?rest_route=%2Fwp%2Fv2%2Fcategories&post=165700"},{"taxonomy":"post_tag","embeddable":true,"href":"https:\/\/diarioregionaldigital.com.br\/index.php?rest_route=%2Fwp%2Fv2%2Ftags&post=165700"}],"curies":[{"name":"wp","href":"https:\/\/api.w.org\/{rel}","templated":true}]}}