{"id":165694,"date":"2020-07-30T14:59:44","date_gmt":"2020-07-30T17:59:44","guid":{"rendered":"https:\/\/diarioregionaldigital.com.br\/?p=165694"},"modified":"2020-07-30T14:59:44","modified_gmt":"2020-07-30T17:59:44","slug":"primeira-dama-testa-positivo-para-covid-19","status":"publish","type":"post","link":"https:\/\/diarioregionaldigital.com.br\/?p=165694","title":{"rendered":"Primeira-dama testa positivo para covid-19"},"content":{"rendered":"<p>A primeira-dama Michelle Bolsonaro teve exame positivo para covid-19 hoje (30). \u201cEla apresenta bom estado de sa\u00fade e seguir\u00e1 todos os protocolos estabelecidos\u201d, diz a nota da Secretaria Especial de Comunica\u00e7\u00e3o Social.<img decoding=\"async\" src=\"https:\/\/agenciabrasil.ebc.com.br\/ebc.png?id=1312616&amp;o=node\" \/><img decoding=\"async\" src=\"https:\/\/agenciabrasil.ebc.com.br\/ebc.gif?id=1312616&amp;o=node\" \/><\/p>\n<p>Michelle tem 38 anos e est\u00e1 sendo acompanhada pela equipe m\u00e9dica da presid\u00eancia.<\/p>\n<p>O presidente Jair Bolsonaro tamb\u00e9m j\u00e1 contraiu a doen\u00e7a. Ele anunciou o resultado positivo do teste no dia 7 de julho e permaneceu em isolamento no Pal\u00e1cio da Alvorada at\u00e9 o \u00faltimo s\u00e1bado (25), quando informou que estava recuperado.<\/p>\n<p>Tamb\u00e9m nesta quinta-feira, o ministro da Ci\u00eancia, Tecnologia e Inova\u00e7\u00f5es,\u00a0Marcos Pontes, informou hoje que testou positivo para covid-19<\/p>\n<p><strong>Fonte:<\/strong> Ag\u00eancia Brasil<\/p>\n","protected":false},"excerpt":{"rendered":"<p>A primeira-dama Michelle Bolsonaro teve exame positivo para covid-19 hoje (30). \u201cEla apresenta bom estado de sa\u00fade e seguir\u00e1 todos os protocolos estabelecidos\u201d, diz a nota da Secretaria Especial de Comunica\u00e7\u00e3o Social. Michelle tem 38 anos e est\u00e1 sendo acompanhada pela equipe m\u00e9dica da presid\u00eancia. O presidente Jair Bolsonaro tamb\u00e9m j\u00e1 contraiu a doen\u00e7a. Ele [&hellip;]<\/p>\n","protected":false},"author":96,"featured_media":165695,"comment_status":"closed","ping_status":"closed","sticky":false,"template":"","format":"standard","meta":{"footnotes":""},"categories":[436,440,254,439],"tags":[],"class_list":["post-165694","post","type-post","status-publish","format-standard","has-post-thumbnail","hentry","category-destaque-da-semana","category-destaques-do-dia","category-politica","category-ultima-hora"],"_links":{"self":[{"href":"https:\/\/diarioregionaldigital.com.br\/index.php?rest_route=\/wp\/v2\/posts\/165694","targetHints":{"allow":["GET"]}}],"collection":[{"href":"https:\/\/diarioregionaldigital.com.br\/index.php?rest_route=\/wp\/v2\/posts"}],"about":[{"href":"https:\/\/diarioregionaldigital.com.br\/index.php?rest_route=\/wp\/v2\/types\/post"}],"author":[{"embeddable":true,"href":"https:\/\/diarioregionaldigital.com.br\/index.php?rest_route=\/wp\/v2\/users\/96"}],"replies":[{"embeddable":true,"href":"https:\/\/diarioregionaldigital.com.br\/index.php?rest_route=%2Fwp%2Fv2%2Fcomments&post=165694"}],"version-history":[{"count":0,"href":"https:\/\/diarioregionaldigital.com.br\/index.php?rest_route=\/wp\/v2\/posts\/165694\/revisions"}],"wp:featuredmedia":[{"embeddable":true,"href":"https:\/\/diarioregionaldigital.com.br\/index.php?rest_route=\/wp\/v2\/media\/165695"}],"wp:attachment":[{"href":"https:\/\/diarioregionaldigital.com.br\/index.php?rest_route=%2Fwp%2Fv2%2Fmedia&parent=165694"}],"wp:term":[{"taxonomy":"category","embeddable":true,"href":"https:\/\/diarioregionaldigital.com.br\/index.php?rest_route=%2Fwp%2Fv2%2Fcategories&post=165694"},{"taxonomy":"post_tag","embeddable":true,"href":"https:\/\/diarioregionaldigital.com.br\/index.php?rest_route=%2Fwp%2Fv2%2Ftags&post=165694"}],"curies":[{"name":"wp","href":"https:\/\/api.w.org\/{rel}","templated":true}]}}