{"id":165691,"date":"2020-07-30T14:58:16","date_gmt":"2020-07-30T17:58:16","guid":{"rendered":"https:\/\/diarioregionaldigital.com.br\/?p=165691"},"modified":"2020-07-30T14:58:16","modified_gmt":"2020-07-30T17:58:16","slug":"presidente-da-fifa-gianni-infantino-e-investigado-pelo-ministerio-publico-federal-especial-da-suica","status":"publish","type":"post","link":"https:\/\/diarioregionaldigital.com.br\/?p=165691","title":{"rendered":"Presidente da FIFA, Gianni Infantino, \u00e9 investigado pelo Minist\u00e9rio P\u00fablico Federal Especial da Su\u00ed\u00e7a"},"content":{"rendered":"<p><span style=\"font-weight: 400;\">O Presidente da FIFA, Gianni Infantino, \u00e9 alvo de investiga\u00e7\u00f5es da Justi\u00e7a da Su\u00ed\u00e7a, no qual um promotor geral abriu um inqu\u00e9rito contra o mandat\u00e1rio, a respeito de negocia\u00e7\u00f5es e reuni\u00f5es junto ao procurador-geral Michael Lauber. Em entrevista \u00e0 ag\u00eancia de not\u00edcias \u201cReuters\u201d, a promotoria tamb\u00e9m solicitou aprova\u00e7\u00e3o para abrir um processo contra Lauber.<\/span><\/p>\n<p><span style=\"font-weight: 400;\">Na \u00faltima semana, o procurador-geral havia manifestado desejo de renunciar ao cargo, ap\u00f3s o tribunal concluir que ele encobriu uma reuni\u00e3o com Infantino e mentiu para os supervisores, enquanto seu escrit\u00f3rio investigava den\u00fancias de corrup\u00e7\u00e3o na FIFA.<\/span><\/p>\n<p><span style=\"font-weight: 400;\">Na \u00faltima quinta-feira (23), o promotor especial Stefan Keller, analisou as queixas criminais contra Infantino e Lauber e outros envolvidos. Al\u00e9m disso, a autoridade diz que encontrou ind\u00edcios de conduta criminal relacionada \u00e0s reuni\u00f5es. Tando Infantino quanto Lauber, negam qualquer suposta irregularidade.<\/span><\/p>\n<p><span style=\"font-weight: 400;\">Em comunicado divulgado no site da entidade m\u00e1xima do futebol mundial, Gianni Infantino esclarece que ele e a FIFA est\u00e3o \u00e0 disposi\u00e7\u00e3o da Justi\u00e7a da Su\u00ed\u00e7a, para cooperar nas investiga\u00e7\u00f5es do caso:<\/span><\/p>\n<p><span style=\"font-weight: 400;\">&#8220;Como presidente da FIFA, meu objetivo desde o primeiro dia, e continua sendo meu objetivo, ajudar as autoridades a investigar irregularidades passadas na FIFA. Os funcion\u00e1rios da FIFA se reuniram com promotores de outras jurisdi\u00e7\u00f5es do mundo exatamente para esses fins. foram condenados e sentenciados, gra\u00e7as \u00e0 coopera\u00e7\u00e3o da FIFA, e especialmente nos Estados Unidos da Am\u00e9rica, onde nossa coopera\u00e7\u00e3o resultou em mais de 40 condena\u00e7\u00f5es criminais.Portanto, continuo apoiando totalmente o processo judicial, e a FIFA continua disposta a cooperar totalmente com autoridades su\u00ed\u00e7as para esses fins &#8220;.<\/span><\/p>\n<p><span style=\"font-weight: 400;\">Al\u00e9m disso, no que diz respeito \u00e0 FIFA, e como previamente comunicado na quinta-feira, 25 de junho de 2020, pelo presidente da FIFA: &#8220;Encontrar-se com o procurador-geral da Su\u00ed\u00e7a \u00e9 perfeitamente leg\u00edtimo e perfeitamente legal. N\u00e3o \u00e9 viola\u00e7\u00e3o de nada. Pelo contr\u00e1rio , tamb\u00e9m faz parte dos deveres fiduci\u00e1rios do presidente da FIFA &#8220;.<\/span><\/p>\n<p>&nbsp;<\/p>\n","protected":false},"excerpt":{"rendered":"<p>O Presidente da FIFA, Gianni Infantino, \u00e9 alvo de investiga\u00e7\u00f5es da Justi\u00e7a da Su\u00ed\u00e7a, no qual um promotor geral abriu um inqu\u00e9rito contra o mandat\u00e1rio, a respeito de negocia\u00e7\u00f5es e reuni\u00f5es junto ao procurador-geral Michael Lauber. Em entrevista \u00e0 ag\u00eancia de not\u00edcias \u201cReuters\u201d, a promotoria tamb\u00e9m solicitou aprova\u00e7\u00e3o para abrir um processo contra Lauber. Na [&hellip;]<\/p>\n","protected":false},"author":96,"featured_media":165692,"comment_status":"closed","ping_status":"closed","sticky":false,"template":"","format":"standard","meta":{"footnotes":""},"categories":[436,257,439],"tags":[],"class_list":["post-165691","post","type-post","status-publish","format-standard","has-post-thumbnail","hentry","category-destaque-da-semana","category-esporte","category-ultima-hora"],"_links":{"self":[{"href":"https:\/\/diarioregionaldigital.com.br\/index.php?rest_route=\/wp\/v2\/posts\/165691","targetHints":{"allow":["GET"]}}],"collection":[{"href":"https:\/\/diarioregionaldigital.com.br\/index.php?rest_route=\/wp\/v2\/posts"}],"about":[{"href":"https:\/\/diarioregionaldigital.com.br\/index.php?rest_route=\/wp\/v2\/types\/post"}],"author":[{"embeddable":true,"href":"https:\/\/diarioregionaldigital.com.br\/index.php?rest_route=\/wp\/v2\/users\/96"}],"replies":[{"embeddable":true,"href":"https:\/\/diarioregionaldigital.com.br\/index.php?rest_route=%2Fwp%2Fv2%2Fcomments&post=165691"}],"version-history":[{"count":0,"href":"https:\/\/diarioregionaldigital.com.br\/index.php?rest_route=\/wp\/v2\/posts\/165691\/revisions"}],"wp:featuredmedia":[{"embeddable":true,"href":"https:\/\/diarioregionaldigital.com.br\/index.php?rest_route=\/wp\/v2\/media\/165692"}],"wp:attachment":[{"href":"https:\/\/diarioregionaldigital.com.br\/index.php?rest_route=%2Fwp%2Fv2%2Fmedia&parent=165691"}],"wp:term":[{"taxonomy":"category","embeddable":true,"href":"https:\/\/diarioregionaldigital.com.br\/index.php?rest_route=%2Fwp%2Fv2%2Fcategories&post=165691"},{"taxonomy":"post_tag","embeddable":true,"href":"https:\/\/diarioregionaldigital.com.br\/index.php?rest_route=%2Fwp%2Fv2%2Ftags&post=165691"}],"curies":[{"name":"wp","href":"https:\/\/api.w.org\/{rel}","templated":true}]}}