{"id":165685,"date":"2020-07-30T14:25:39","date_gmt":"2020-07-30T17:25:39","guid":{"rendered":"https:\/\/diarioregionaldigital.com.br\/?p=165685"},"modified":"2020-07-30T14:25:39","modified_gmt":"2020-07-30T17:25:39","slug":"tupynambas-encerra-campeonato-mineiro-sem-conquistar-uma-vitoria","status":"publish","type":"post","link":"https:\/\/diarioregionaldigital.com.br\/?p=165685","title":{"rendered":"Tupynamb\u00e1s encerra Campeonato Mineiro sem conquistar uma vit\u00f3ria"},"content":{"rendered":"<p><span style=\"font-weight: 400;\">O Tupynamb\u00e1s encerrou na noite de quarta-feira (29), sua campanha no Campeonato Mineiro 2020, ao ser derrotado pelo Boa Esporte pelo placar de 1&#215;0 com gol de Gabriel, no Est\u00e1dio Municipal de Varginha, em jogo v\u00e1lido pela 11\u00aa e \u00faltima rodada do Campeonato Mineiro.\u00a0<\/span><\/p>\n<p><span style=\"font-weight: 400;\">A vit\u00f3ria garantiu ao Boa Esporte, a classifica\u00e7\u00e3o para as semifinais do Trof\u00e9u Inconfid\u00eancia, o qual contar\u00e1 com os times que ficaram entre a quinta e a oitava posi\u00e7\u00e3o. Junto com o time de Varginha, se classificaram o Cruzeiro, Uberl\u00e2ndia e Patrocinense. Com a derrota fora de casa, o Tupynamb\u00e1s encerrou sua campanha no M\u00f3dulo I na lanterna, com oito derrotas, tr\u00eas empates e nenhuma vit\u00f3ria.\u00a0<\/span><\/p>\n<p><span style=\"font-weight: 400;\">No primeiro tempo da partida, o Boa Esporte dominou as a\u00e7\u00f5es mas n\u00e3o empurrou a bola para as redes. O Tupynamb\u00e1s esteve bem postado em campo e teve boas chances de abrir o placar, sendo que em uma delas a bola tirou tinta da trave. Al\u00e9m disso, o time da casa parou nas m\u00e3os do goleiro Bruno C\u00e9sar, que fez muitas defesas na etapa inicial.<\/span><\/p>\n<p><span style=\"font-weight: 400;\">Na volta para o segundo tempo, o time da casa voltou melhor e aos 19 minutos, o estreante Gabriel, subiu no terceiro andar e testou a bola para o fundo do gol, 1&#215;0 Boa Esporte. Ap\u00f3s abrir o placar, o time da casa continuou partindo pra cima e criou v\u00e1rias chances de gol, mas parou nas defesas de Bruno C\u00e9sar, que evitou uma derrota maior para o Tupynamb\u00e1s. Fim de jogo em Varginha, 1&#215;0 para o Boa Esporte.\u00a0<\/span><\/p>\n<p><span style=\"font-weight: 400;\">O Tupynamb\u00e1s disputar\u00e1 ainda o Campeonato Brasileiro S\u00e9rie D neste ano, entretanto a Confedera\u00e7\u00e3o Brasileira de Futebol (CBF), ainda n\u00e3o definiu as datas dos jogos. O \u201cLe\u00e3o do Po\u00e7o Rico\u201d est\u00e1 no Grupo A-6 junto com: Atl\u00e9tico-BA, Bahia de Feira, Caldense, Gama, Palmas, Villa Nova e um outro advers\u00e1rio a ser definido.\u00a0<\/span><\/p>\n<p><b>Semifinal do M\u00f3dulo I<\/b><\/p>\n<p><span style=\"font-weight: 400;\">Como citado anteriormente, foram definidos os quatro times classificados para as semifinais do Campeonato Mineiro. A Caldense ser\u00e1 advers\u00e1ria do Tombense e o Atl\u00e9tico far\u00e1 cl\u00e1ssico contra o Am\u00e9rica. As partidas, em ida e volta, ser\u00e3o realizadas nos dias 2 e 5 de agosto em Belo Horizonte, pois os est\u00e1dios Ant\u00f4nio Guimar\u00e3es de Almeida, em Tombos, e Ronaldo Junqueira, em Po\u00e7os de Caldas, n\u00e3o est\u00e3o habilitados para receber o \u00e1rbitro de v\u00eddeo (VAR).<\/span><\/p>\n<p><b>Semifinal do Trof\u00e9u Inconfid\u00eancia<\/b><\/p>\n<p><span style=\"font-weight: 400;\">Novidade do campeonato deste ano, o Trof\u00e9u Inconfid\u00eancia tamb\u00e9m teve seus confrontos definidos. O Cruzeiro joga contra o Patrocinense e o Uberl\u00e2ndia enfrenta o Boa Esporte.<\/span><\/p>\n<p><b>Times garantidos na Copa do Brasil\u00a0<\/b><\/p>\n<p><span style=\"font-weight: 400;\">Com o t\u00e9rmino da \u00faltima rodada, foram definidos os times que disputar\u00e3o a Copa do Brasil 2021. Pelo regulamento, Minas Gerais tem direito a quatro vagas destinadas aos quatro melhores colocados no Campeonato Mineiro: Tombense, Am\u00e9rica, Atl\u00e9tico e Caldense. Maior vencedor do torneio, o Cruzeiro n\u00e3o teve a vaga direta, mas entrou na disputa pelo ranking da CBF.\u00a0<\/span><\/p>\n<p><span style=\"font-weight: 400;\">Se o Atl\u00e9tico, que disputa a S\u00e9rie A, conseguir uma vaga na Copa Libertadores do pr\u00f3ximo ano e, consequentemente, um lugar direto na fase oitavas de final da Copa do Brasil, Minas Gerais ganha mais uma vaga.<\/span><\/p>\n<p><b>S\u00e9rie D<\/b><\/p>\n<p><span style=\"font-weight: 400;\">O encerramento da primeira fase do Campeonato Mineiro, definiu tamb\u00e9m os classificados para o Campeonato Brasileiro S\u00e9rie D de 2021: Caldense, Uberl\u00e2ndia e Patrocinense.<\/span><\/p>\n<p>&nbsp;<\/p>\n","protected":false},"excerpt":{"rendered":"<p>O Tupynamb\u00e1s encerrou na noite de quarta-feira (29), sua campanha no Campeonato Mineiro 2020, ao ser derrotado pelo Boa Esporte pelo placar de 1&#215;0 com gol de Gabriel, no Est\u00e1dio Municipal de Varginha, em jogo v\u00e1lido pela 11\u00aa e \u00faltima rodada do Campeonato Mineiro.\u00a0 A vit\u00f3ria garantiu ao Boa Esporte, a classifica\u00e7\u00e3o para as semifinais [&hellip;]<\/p>\n","protected":false},"author":96,"featured_media":165686,"comment_status":"closed","ping_status":"closed","sticky":false,"template":"","format":"standard","meta":{"footnotes":""},"categories":[436,257,439],"tags":[],"class_list":["post-165685","post","type-post","status-publish","format-standard","has-post-thumbnail","hentry","category-destaque-da-semana","category-esporte","category-ultima-hora"],"_links":{"self":[{"href":"https:\/\/diarioregionaldigital.com.br\/index.php?rest_route=\/wp\/v2\/posts\/165685","targetHints":{"allow":["GET"]}}],"collection":[{"href":"https:\/\/diarioregionaldigital.com.br\/index.php?rest_route=\/wp\/v2\/posts"}],"about":[{"href":"https:\/\/diarioregionaldigital.com.br\/index.php?rest_route=\/wp\/v2\/types\/post"}],"author":[{"embeddable":true,"href":"https:\/\/diarioregionaldigital.com.br\/index.php?rest_route=\/wp\/v2\/users\/96"}],"replies":[{"embeddable":true,"href":"https:\/\/diarioregionaldigital.com.br\/index.php?rest_route=%2Fwp%2Fv2%2Fcomments&post=165685"}],"version-history":[{"count":0,"href":"https:\/\/diarioregionaldigital.com.br\/index.php?rest_route=\/wp\/v2\/posts\/165685\/revisions"}],"wp:featuredmedia":[{"embeddable":true,"href":"https:\/\/diarioregionaldigital.com.br\/index.php?rest_route=\/wp\/v2\/media\/165686"}],"wp:attachment":[{"href":"https:\/\/diarioregionaldigital.com.br\/index.php?rest_route=%2Fwp%2Fv2%2Fmedia&parent=165685"}],"wp:term":[{"taxonomy":"category","embeddable":true,"href":"https:\/\/diarioregionaldigital.com.br\/index.php?rest_route=%2Fwp%2Fv2%2Fcategories&post=165685"},{"taxonomy":"post_tag","embeddable":true,"href":"https:\/\/diarioregionaldigital.com.br\/index.php?rest_route=%2Fwp%2Fv2%2Ftags&post=165685"}],"curies":[{"name":"wp","href":"https:\/\/api.w.org\/{rel}","templated":true}]}}