{"id":165680,"date":"2020-07-30T11:19:31","date_gmt":"2020-07-30T14:19:31","guid":{"rendered":"https:\/\/diarioregionaldigital.com.br\/?p=165680"},"modified":"2020-07-30T11:19:31","modified_gmt":"2020-07-30T14:19:31","slug":"jovem-e-agredida-por-dois-assaltantes-no-centro-de-juiz-de-fora","status":"publish","type":"post","link":"https:\/\/diarioregionaldigital.com.br\/?p=165680","title":{"rendered":"Jovem \u00e9 agredida por dois assaltantes no Centro de Juiz de Fora"},"content":{"rendered":"<p>Uma jovem de 20 anos, relatou \u00e0 Pol\u00edcia Militar PM), que na manh\u00e3 desta quinta-feira (30), se deslocava para o servi\u00e7o quando foi abordada por dois indiv\u00edduos, sendo um deles de 25 e o outro aparentando ter entre 30 e 40 anos. O ato ocorreu na Avenida Rio Branco no Centro de Juiz de Fora. Um dos autores simulou estar armado e ao anunciar o roubo, a v\u00edtima tentou fugir do local, sendo que ela foi agredida com um soco e caiu no ch\u00e3o. Logo em seguida, os autores levaram sua mochila contendo documentos pessoais e ap\u00f3s o roubo, fugiram em dire\u00e7\u00e3o a Rua Marechal Deodoro e n\u00e3o foram localizados.<\/p>\n","protected":false},"excerpt":{"rendered":"<p>Uma jovem de 20 anos, relatou \u00e0 Pol\u00edcia Militar PM), que na manh\u00e3 desta quinta-feira (30), se deslocava para o servi\u00e7o quando foi abordada por dois indiv\u00edduos, sendo um deles de 25 e o outro aparentando ter entre 30 e 40 anos. O ato ocorreu na Avenida Rio Branco no Centro de Juiz de Fora. [&hellip;]<\/p>\n","protected":false},"author":96,"featured_media":165308,"comment_status":"closed","ping_status":"closed","sticky":false,"template":"","format":"standard","meta":{"footnotes":""},"categories":[301,436,439],"tags":[],"class_list":["post-165680","post","type-post","status-publish","format-standard","has-post-thumbnail","hentry","category-artigos-policiais","category-destaque-da-semana","category-ultima-hora"],"_links":{"self":[{"href":"https:\/\/diarioregionaldigital.com.br\/index.php?rest_route=\/wp\/v2\/posts\/165680","targetHints":{"allow":["GET"]}}],"collection":[{"href":"https:\/\/diarioregionaldigital.com.br\/index.php?rest_route=\/wp\/v2\/posts"}],"about":[{"href":"https:\/\/diarioregionaldigital.com.br\/index.php?rest_route=\/wp\/v2\/types\/post"}],"author":[{"embeddable":true,"href":"https:\/\/diarioregionaldigital.com.br\/index.php?rest_route=\/wp\/v2\/users\/96"}],"replies":[{"embeddable":true,"href":"https:\/\/diarioregionaldigital.com.br\/index.php?rest_route=%2Fwp%2Fv2%2Fcomments&post=165680"}],"version-history":[{"count":0,"href":"https:\/\/diarioregionaldigital.com.br\/index.php?rest_route=\/wp\/v2\/posts\/165680\/revisions"}],"wp:featuredmedia":[{"embeddable":true,"href":"https:\/\/diarioregionaldigital.com.br\/index.php?rest_route=\/wp\/v2\/media\/165308"}],"wp:attachment":[{"href":"https:\/\/diarioregionaldigital.com.br\/index.php?rest_route=%2Fwp%2Fv2%2Fmedia&parent=165680"}],"wp:term":[{"taxonomy":"category","embeddable":true,"href":"https:\/\/diarioregionaldigital.com.br\/index.php?rest_route=%2Fwp%2Fv2%2Fcategories&post=165680"},{"taxonomy":"post_tag","embeddable":true,"href":"https:\/\/diarioregionaldigital.com.br\/index.php?rest_route=%2Fwp%2Fv2%2Ftags&post=165680"}],"curies":[{"name":"wp","href":"https:\/\/api.w.org\/{rel}","templated":true}]}}