{"id":165623,"date":"2020-07-29T18:50:34","date_gmt":"2020-07-29T21:50:34","guid":{"rendered":"https:\/\/diarioregionaldigital.com.br\/?p=165623"},"modified":"2020-07-29T18:50:34","modified_gmt":"2020-07-29T21:50:34","slug":"secretaria-de-saude-registra-mais-uma-morte-por-coronavirus-em-juiz-de-fora","status":"publish","type":"post","link":"https:\/\/diarioregionaldigital.com.br\/?p=165623","title":{"rendered":"Secretaria de Sa\u00fade registra mais uma morte por Coronav\u00edrus em Juiz de Fora"},"content":{"rendered":"<p>O novo boletim divulgado nesta quarta-feira (29), pela Secretaria de Sa\u00fade (SS) da Prefeitura de Juiz de Fora (PJF), registrou mais uma morte por Coronav\u00edrus em Juiz de Fora, totalizando 112. A v\u00edtima \u00e9 uma idosa de 83 anos, que morreu nessa ter\u00e7a-feira, 28. Ela tinha Doen\u00e7a Cardiovascular Cr\u00f4nica (DCC) e Diabetes Mellitus (DM). Segundo o levantamento, o munic\u00edpio teve mais 51 pessoas infectadas, contabilizando 3.424 casos confirmados. Com as atualiza\u00e7\u00f5es, casos suspeitos totalizam 12.803.<\/p>\n<p><strong>Leitos<\/strong><\/p>\n<p>Segundo informa\u00e7\u00f5es da PJF, os leitos de enfermaria est\u00e3o com 67,00% de ocupa\u00e7\u00e3o. J\u00e1 os os leitos de UTI e SUS, est\u00e3o com taxa de 74,91% e 72,68% respectivamente.<\/p>\n","protected":false},"excerpt":{"rendered":"<p>O novo boletim divulgado nesta quarta-feira (29), pela Secretaria de Sa\u00fade (SS) da Prefeitura de Juiz de Fora (PJF), registrou mais uma morte por Coronav\u00edrus em Juiz de Fora, totalizando 112. A v\u00edtima \u00e9 uma idosa de 83 anos, que morreu nessa ter\u00e7a-feira, 28. Ela tinha Doen\u00e7a Cardiovascular Cr\u00f4nica (DCC) e Diabetes Mellitus (DM). Segundo [&hellip;]<\/p>\n","protected":false},"author":96,"featured_media":165209,"comment_status":"closed","ping_status":"closed","sticky":false,"template":"","format":"standard","meta":{"footnotes":""},"categories":[253,436,440,439],"tags":[],"class_list":["post-165623","post","type-post","status-publish","format-standard","has-post-thumbnail","hentry","category-cidade","category-destaque-da-semana","category-destaques-do-dia","category-ultima-hora"],"_links":{"self":[{"href":"https:\/\/diarioregionaldigital.com.br\/index.php?rest_route=\/wp\/v2\/posts\/165623","targetHints":{"allow":["GET"]}}],"collection":[{"href":"https:\/\/diarioregionaldigital.com.br\/index.php?rest_route=\/wp\/v2\/posts"}],"about":[{"href":"https:\/\/diarioregionaldigital.com.br\/index.php?rest_route=\/wp\/v2\/types\/post"}],"author":[{"embeddable":true,"href":"https:\/\/diarioregionaldigital.com.br\/index.php?rest_route=\/wp\/v2\/users\/96"}],"replies":[{"embeddable":true,"href":"https:\/\/diarioregionaldigital.com.br\/index.php?rest_route=%2Fwp%2Fv2%2Fcomments&post=165623"}],"version-history":[{"count":0,"href":"https:\/\/diarioregionaldigital.com.br\/index.php?rest_route=\/wp\/v2\/posts\/165623\/revisions"}],"wp:featuredmedia":[{"embeddable":true,"href":"https:\/\/diarioregionaldigital.com.br\/index.php?rest_route=\/wp\/v2\/media\/165209"}],"wp:attachment":[{"href":"https:\/\/diarioregionaldigital.com.br\/index.php?rest_route=%2Fwp%2Fv2%2Fmedia&parent=165623"}],"wp:term":[{"taxonomy":"category","embeddable":true,"href":"https:\/\/diarioregionaldigital.com.br\/index.php?rest_route=%2Fwp%2Fv2%2Fcategories&post=165623"},{"taxonomy":"post_tag","embeddable":true,"href":"https:\/\/diarioregionaldigital.com.br\/index.php?rest_route=%2Fwp%2Fv2%2Ftags&post=165623"}],"curies":[{"name":"wp","href":"https:\/\/api.w.org\/{rel}","templated":true}]}}