{"id":165616,"date":"2020-07-29T18:31:08","date_gmt":"2020-07-29T21:31:08","guid":{"rendered":"https:\/\/diarioregionaldigital.com.br\/?p=165616"},"modified":"2020-07-29T18:31:08","modified_gmt":"2020-07-29T21:31:08","slug":"vereadores-aprovam-projeto-de-lei-que-suspende-prazos-de-validade-dos-concursos-publicos-municipais-durante-a-pandemia","status":"publish","type":"post","link":"https:\/\/diarioregionaldigital.com.br\/?p=165616","title":{"rendered":"Vereadores aprovam projeto de lei que suspende prazos de validade dos concursos p\u00fablicos municipais durante a pandemia"},"content":{"rendered":"<p><span style=\"font-weight: 400;\">A C\u00e2mara aprovou em terceira discuss\u00e3o, O projeto de lei que determina a suspens\u00e3o dos prazos de validade de concursos p\u00fablicos municipais durante o per\u00edodo de calamidade p\u00fablica. A proposta, que seguir\u00e1 para an\u00e1lise do Executivo, \u00e9 de autoria do vereador J\u00falio Obama Jr. (PODE) e foi subscrito pelos vereadores Ana do Pde. Frederico (PATRIOTA), Andr\u00e9 Mariano (PSL), Dr. Fiorilo (PL), Jo\u00e3o Coteca (PL), Juraci Scheffer (PT) e Sargento Mello Casal (PTB).\u00a0<\/span><\/p>\n<p><span style=\"font-weight: 400;\">\u00a0A medida ser\u00e1 v\u00e1lida nos concursos para nomea\u00e7\u00e3o de cargos p\u00fablicos efetivos e est\u00e1veis. O prazo voltar\u00e1 a fluir pelo tempo restante, sem preju\u00edzo de eventual prorroga\u00e7\u00e3o, quando terminar a vig\u00eancia do estado de calamidade p\u00fablica estabelecido pela Uni\u00e3o. Os concursos municipais que forem homologados ap\u00f3s a lei entrar em vigor &#8211; o que acontecer\u00e1 na data de publica\u00e7\u00e3o &#8211; ter\u00e3o seus prazos de validade suspensos a partir da homologa\u00e7\u00e3o.<\/span><\/p>\n<p><span style=\"font-weight: 400;\">O projeto estabelece, ainda, que a suspens\u00e3o de prazo de validade n\u00e3o impede a formaliza\u00e7\u00e3o de atos que visem a atender as necessidades de reposi\u00e7\u00e3o de pessoal permanente motivado por vac\u00e2ncia, nem contrata\u00e7\u00f5es tempor\u00e1rias por excepcional interesse p\u00fablico.<\/span><\/p>\n<p><span style=\"font-weight: 400;\">\u00a0Obama explica que o objetivo do projeto de lei \u00e9 evitar preju\u00edzo aos que foram aprovados em concursos p\u00fablicos j\u00e1 que, como lembra o vereador, a pandemia causada pelo novo Coronav\u00edrus exige esfor\u00e7os or\u00e7ament\u00e1rios e financeiros acima do planejado. \u201c\u00c9 natural que os entes federativos acabem optando por, neste momento, n\u00e3o admitir novos servidores nos quadros da Administra\u00e7\u00e3o P\u00fablica em \u00e1reas n\u00e3o essenciais ao combate \u00e0 pandemia, at\u00e9 que a situa\u00e7\u00e3o financeira se normalize\u201d, afirma. Com a suspens\u00e3o, n\u00e3o h\u00e1 o risco de o prazo de validade expirar e o Poder P\u00fablico poder\u00e1 nomear os aprovados ap\u00f3s o t\u00e9rmino da pandemia.<\/span><\/p>\n<p><strong>Fonte:<\/strong> Assessoria<\/p>\n","protected":false},"excerpt":{"rendered":"<p>A C\u00e2mara aprovou em terceira discuss\u00e3o, O projeto de lei que determina a suspens\u00e3o dos prazos de validade de concursos p\u00fablicos municipais durante o per\u00edodo de calamidade p\u00fablica. A proposta, que seguir\u00e1 para an\u00e1lise do Executivo, \u00e9 de autoria do vereador J\u00falio Obama Jr. (PODE) e foi subscrito pelos vereadores Ana do Pde. Frederico (PATRIOTA), [&hellip;]<\/p>\n","protected":false},"author":96,"featured_media":165617,"comment_status":"closed","ping_status":"closed","sticky":false,"template":"","format":"standard","meta":{"footnotes":""},"categories":[253,436,439],"tags":[],"class_list":["post-165616","post","type-post","status-publish","format-standard","has-post-thumbnail","hentry","category-cidade","category-destaque-da-semana","category-ultima-hora"],"_links":{"self":[{"href":"https:\/\/diarioregionaldigital.com.br\/index.php?rest_route=\/wp\/v2\/posts\/165616","targetHints":{"allow":["GET"]}}],"collection":[{"href":"https:\/\/diarioregionaldigital.com.br\/index.php?rest_route=\/wp\/v2\/posts"}],"about":[{"href":"https:\/\/diarioregionaldigital.com.br\/index.php?rest_route=\/wp\/v2\/types\/post"}],"author":[{"embeddable":true,"href":"https:\/\/diarioregionaldigital.com.br\/index.php?rest_route=\/wp\/v2\/users\/96"}],"replies":[{"embeddable":true,"href":"https:\/\/diarioregionaldigital.com.br\/index.php?rest_route=%2Fwp%2Fv2%2Fcomments&post=165616"}],"version-history":[{"count":0,"href":"https:\/\/diarioregionaldigital.com.br\/index.php?rest_route=\/wp\/v2\/posts\/165616\/revisions"}],"wp:featuredmedia":[{"embeddable":true,"href":"https:\/\/diarioregionaldigital.com.br\/index.php?rest_route=\/wp\/v2\/media\/165617"}],"wp:attachment":[{"href":"https:\/\/diarioregionaldigital.com.br\/index.php?rest_route=%2Fwp%2Fv2%2Fmedia&parent=165616"}],"wp:term":[{"taxonomy":"category","embeddable":true,"href":"https:\/\/diarioregionaldigital.com.br\/index.php?rest_route=%2Fwp%2Fv2%2Fcategories&post=165616"},{"taxonomy":"post_tag","embeddable":true,"href":"https:\/\/diarioregionaldigital.com.br\/index.php?rest_route=%2Fwp%2Fv2%2Ftags&post=165616"}],"curies":[{"name":"wp","href":"https:\/\/api.w.org\/{rel}","templated":true}]}}