{"id":165613,"date":"2020-07-29T18:14:45","date_gmt":"2020-07-29T21:14:45","guid":{"rendered":"https:\/\/diarioregionaldigital.com.br\/?p=165613"},"modified":"2020-07-29T18:14:45","modified_gmt":"2020-07-29T21:14:45","slug":"guarda-municipal-socorre-idosa-na-praca-do-riachuelo","status":"publish","type":"post","link":"https:\/\/diarioregionaldigital.com.br\/?p=165613","title":{"rendered":"Guarda Municipal socorre idosa na Pra\u00e7a do Riachuelo"},"content":{"rendered":"<p>Equipe da Guarda Municipal (GM), empenhada em ronda preventiva na regi\u00e3o central, na Pra\u00e7a do Riachuelo, na tarde de ter\u00e7a-feira, 28, quando foi acionada por populares. Eles pediam apoio para socorro a mulher de 79 anos, que acabara de sofrer queda no ponto de \u00f4nibus da Avenida Rio Branco, em frente \u00e0 pra\u00e7a. Os guardas chegaram a pedir a presen\u00e7a do Servi\u00e7o de Atendimento M\u00f3vel em Urg\u00eancia (Samu). No entanto, todas as ambul\u00e2ncias se encontravam em atendimento. Como a idosa apresentava corte, com sangramento no nariz, a equipe transportou-a ao Hospital de Pronto Socorro (HPS), em viatura pr\u00f3pria. Na unidade, ela recebeu cuidados m\u00e9dicos, realizou exames e sutura com quatro pontos. A GM entrou em contato com familiares da v\u00edtima, permanecendo em apoio no local at\u00e9 a chegada do filho.<\/p>\n<p><strong>Fonte:\u00a0<\/strong>Assessoria<\/p>\n","protected":false},"excerpt":{"rendered":"<p>Equipe da Guarda Municipal (GM), empenhada em ronda preventiva na regi\u00e3o central, na Pra\u00e7a do Riachuelo, na tarde de ter\u00e7a-feira, 28, quando foi acionada por populares. Eles pediam apoio para socorro a mulher de 79 anos, que acabara de sofrer queda no ponto de \u00f4nibus da Avenida Rio Branco, em frente \u00e0 pra\u00e7a. Os guardas [&hellip;]<\/p>\n","protected":false},"author":96,"featured_media":165614,"comment_status":"closed","ping_status":"closed","sticky":false,"template":"","format":"standard","meta":{"footnotes":""},"categories":[253,436,439],"tags":[],"class_list":["post-165613","post","type-post","status-publish","format-standard","has-post-thumbnail","hentry","category-cidade","category-destaque-da-semana","category-ultima-hora"],"_links":{"self":[{"href":"https:\/\/diarioregionaldigital.com.br\/index.php?rest_route=\/wp\/v2\/posts\/165613","targetHints":{"allow":["GET"]}}],"collection":[{"href":"https:\/\/diarioregionaldigital.com.br\/index.php?rest_route=\/wp\/v2\/posts"}],"about":[{"href":"https:\/\/diarioregionaldigital.com.br\/index.php?rest_route=\/wp\/v2\/types\/post"}],"author":[{"embeddable":true,"href":"https:\/\/diarioregionaldigital.com.br\/index.php?rest_route=\/wp\/v2\/users\/96"}],"replies":[{"embeddable":true,"href":"https:\/\/diarioregionaldigital.com.br\/index.php?rest_route=%2Fwp%2Fv2%2Fcomments&post=165613"}],"version-history":[{"count":0,"href":"https:\/\/diarioregionaldigital.com.br\/index.php?rest_route=\/wp\/v2\/posts\/165613\/revisions"}],"wp:featuredmedia":[{"embeddable":true,"href":"https:\/\/diarioregionaldigital.com.br\/index.php?rest_route=\/wp\/v2\/media\/165614"}],"wp:attachment":[{"href":"https:\/\/diarioregionaldigital.com.br\/index.php?rest_route=%2Fwp%2Fv2%2Fmedia&parent=165613"}],"wp:term":[{"taxonomy":"category","embeddable":true,"href":"https:\/\/diarioregionaldigital.com.br\/index.php?rest_route=%2Fwp%2Fv2%2Fcategories&post=165613"},{"taxonomy":"post_tag","embeddable":true,"href":"https:\/\/diarioregionaldigital.com.br\/index.php?rest_route=%2Fwp%2Fv2%2Ftags&post=165613"}],"curies":[{"name":"wp","href":"https:\/\/api.w.org\/{rel}","templated":true}]}}