{"id":165610,"date":"2020-07-29T17:59:23","date_gmt":"2020-07-29T20:59:23","guid":{"rendered":"https:\/\/diarioregionaldigital.com.br\/?p=165610"},"modified":"2020-07-29T17:59:23","modified_gmt":"2020-07-29T20:59:23","slug":"governo-faz-alteracoes-no-programa-minas-consciente","status":"publish","type":"post","link":"https:\/\/diarioregionaldigital.com.br\/?p=165610","title":{"rendered":"Governo faz altera\u00e7\u00f5es no Programa Minas Consciente"},"content":{"rendered":"<p><span style=\"font-weight: 400;\">O Governo do Estado de Minas Gerais, divulgou nessa quarta-feira (29), as altera\u00e7\u00f5es previstas no Programa Minas Consciente. Dentre as mudan\u00e7as, est\u00e3o o protocolo \u00fanico, diminui\u00e7\u00e3o de 4 para 3 ondas, revis\u00e3o dos indicadores, n\u00edvel de an\u00e1lise microrregional, tomada de decis\u00e3o municipal dentro dos crit\u00e9rios do plano e recorte para munic\u00edpios abaixo de 30 mil habitantes. A nova vers\u00e3o entrar\u00e1 em vigor no m\u00eas de agosto.<\/span><\/p>\n<p><b>Altera\u00e7\u00f5es no Plano<\/b><\/p>\n<p><span style=\"font-weight: 400;\">As empresas passam a contar com protocolo \u00fanico, completo e elas devem funcionar buscando \u201cuma reorganiza\u00e7\u00e3o das ondas, mais adequado para o momento\u201d. Al\u00e9m disso, houve \u201cmudan\u00e7a do n\u00edvel de an\u00e1lise macrorregional para microrregional, incluindo tamb\u00e9m tomada de decis\u00e3o municipal, al\u00e9m de comportamento diferenciado para munic\u00edpio de pequeno porte\u201d.\u00a0<\/span><\/p>\n<p><span style=\"font-weight: 400;\">Quando \u00e0s propostas de retorno do sistema educacional, elas foram vetadas do Minas Consciente.<\/span><\/p>\n<p><b>Protocolos<\/b><\/p>\n<p><span style=\"font-weight: 400;\">Dentre as medidas estabelecidas referentes a bares e restaurantes, deve-se \u201caplicar l\u00f3gica modular, por onda. Quando s\u00f3 estiverem liberadas as atividades essenciais, esses estabelecimentos s\u00f3 poder\u00e3o servir em modalidade delivery\/retirada. Quando a regi\u00e3o estiver na primeira onda n\u00e3o-essencial, poder\u00e1 haver consumo interno. Exce\u00e7\u00e3o para restaurantes de estrada, sempre ativos\u201d.<\/span><\/p>\n<p><b>Novas ondas<\/b><\/p>\n<p><span style=\"font-weight: 400;\">O programa teve redu\u00e7\u00e3o de 4 para 3 ondas e mudan\u00e7as na colora\u00e7\u00e3o. Atualmente s\u00e3o ondas verde, branca, amarela e vermelha. Agora ser\u00e3o divididas em onda 1 (vermelha), onda 2 (amarela) e onda 3 (verde). Os servi\u00e7os essenciais continuariam apartados, mantendo a mesma l\u00f3gica j\u00e1 realizada anteriormente (servi\u00e7os essenciais, n\u00e3o essenciais e de alto risco de cont\u00e1gio)\u00a0<\/span><\/p>\n<p><span style=\"font-weight: 400;\">Visando a seguran\u00e7a, foi estabelecido aumento do marco de evolu\u00e7\u00e3o para 28 dias e foco na aplica\u00e7\u00e3o dos protocolos.<\/span><\/p>\n<p><b>Indicadores<\/b><\/p>\n<p><span style=\"font-weight: 400;\">O programa agora prev\u00ea que ser\u00e3o feitas aferi\u00e7\u00f5es de dados por macrorregi\u00e3o e microrregi\u00e3o de sa\u00fade. Anteriormente os dados eram feitos somente na macrorregi\u00e3o. Agora os indicadores abordam taxa de Incid\u00eancia COVID-19; taxa de Ocupa\u00e7\u00e3o de leitos UTI Adulto, taxa de Ocupa\u00e7\u00e3o por COVID-19, leitos por 100 mil habitantes, positividade atual RT-PCR, porcentagem de aumento da incid\u00eancia e aumento da positividade dos exames PC\u00a0<\/span><\/p>\n<p><b>Regionaliza\u00e7\u00e3o<\/b><\/p>\n<p><span style=\"font-weight: 400;\">Anteriormente o programa avaliava 14 macrorregi\u00f5es. No entanto, como algumas regi\u00f5es do estado n\u00e3o t\u00eam capacidade assistencial isolada e, portanto, dependem de outras para atender \u00e0 popula\u00e7\u00e3o, a avalia\u00e7\u00e3o agora abrange 62 regi\u00f5es.<\/span><\/p>\n<p><b>Governan\u00e7a e tomadas de decis\u00e3o<\/b><\/p>\n<p><span style=\"font-weight: 400;\">A partir do momento em que o novo programa entrar em vigor, a Associa\u00e7\u00e3o Mineira de Munic\u00edpios (AMM) ser\u00e1 inclusa no Grupo Executivo e nos Comit\u00eas Macrorregionais, os quais ser\u00e3o respons\u00e1veis por encaminhar semanalmente as informa\u00e7\u00f5es dos indicadores do Minas Consciente para seus membros, al\u00e9m de prestar apoio nas tomadas de decis\u00e3o dos munic\u00edpios.<\/span><\/p>\n<p><span style=\"font-weight: 400;\">Cada munic\u00edpio poder\u00e1 optar por seguir a indica\u00e7\u00e3o de sua onda conforme orienta\u00e7\u00e3o central por macrorregi\u00e3o ou conforme dados de sua regi\u00e3o (agrupamento).<\/span><\/p>\n<p><span style=\"font-weight: 400;\">Os dados e decis\u00f5es\u00a0 ser\u00e3o divulgados \u00e0s quintas-feiras para subsidiar as reuni\u00f5es dos Comit\u00eas Macrorregionais e a tomada de decis\u00e3o municipal.<\/span><\/p>\n<p><b>Munic\u00edpios de pequeno porte<\/b><\/p>\n<p><span style=\"font-weight: 400;\">O programa prev\u00ea que os munic\u00edpios de pequeno porte, receber\u00e3o tratamento diferenciado, caso estes estiverem dentro dos crit\u00e9rios espec\u00edficos. Al\u00e9m disso, debate envolvendo COES, Minist\u00e9rio P\u00fablico e Grupo Executivo, buscou-se um recorte intermedi\u00e1rio:\u00a0<\/span><\/p>\n<ul>\n<li style=\"font-weight: 400;\"><span style=\"font-weight: 400;\">Popula\u00e7\u00e3o de at\u00e9 30 mil habitantes;\u00a0<\/span><\/li>\n<li style=\"font-weight: 400;\"><span style=\"font-weight: 400;\">N\u00e3o possui sistema de transporte coletivo relevante;\u00a0<\/span><\/li>\n<li style=\"font-weight: 400;\"><span style=\"font-weight: 400;\">Rotinas e costumes diferentes aos das cidades maiores;\u00a0<\/span><\/li>\n<li style=\"font-weight: 400;\"><span style=\"font-weight: 400;\">Densidade demogr\u00e1fica baixa;\u00a0<\/span><\/li>\n<li style=\"font-weight: 400;\"><span style=\"font-weight: 400;\">Incid\u00eancia de casos ativos confirmados abaixo de 50\/100 mil habitantes, em 14 dias;<\/span><\/li>\n<\/ul>\n","protected":false},"excerpt":{"rendered":"<p>O Governo do Estado de Minas Gerais, divulgou nessa quarta-feira (29), as altera\u00e7\u00f5es previstas no Programa Minas Consciente. Dentre as mudan\u00e7as, est\u00e3o o protocolo \u00fanico, diminui\u00e7\u00e3o de 4 para 3 ondas, revis\u00e3o dos indicadores, n\u00edvel de an\u00e1lise microrregional, tomada de decis\u00e3o municipal dentro dos crit\u00e9rios do plano e recorte para munic\u00edpios abaixo de 30 mil [&hellip;]<\/p>\n","protected":false},"author":96,"featured_media":165611,"comment_status":"closed","ping_status":"closed","sticky":false,"template":"","format":"standard","meta":{"footnotes":""},"categories":[436,440,252,439],"tags":[],"class_list":["post-165610","post","type-post","status-publish","format-standard","has-post-thumbnail","hentry","category-destaque-da-semana","category-destaques-do-dia","category-regiao","category-ultima-hora"],"_links":{"self":[{"href":"https:\/\/diarioregionaldigital.com.br\/index.php?rest_route=\/wp\/v2\/posts\/165610","targetHints":{"allow":["GET"]}}],"collection":[{"href":"https:\/\/diarioregionaldigital.com.br\/index.php?rest_route=\/wp\/v2\/posts"}],"about":[{"href":"https:\/\/diarioregionaldigital.com.br\/index.php?rest_route=\/wp\/v2\/types\/post"}],"author":[{"embeddable":true,"href":"https:\/\/diarioregionaldigital.com.br\/index.php?rest_route=\/wp\/v2\/users\/96"}],"replies":[{"embeddable":true,"href":"https:\/\/diarioregionaldigital.com.br\/index.php?rest_route=%2Fwp%2Fv2%2Fcomments&post=165610"}],"version-history":[{"count":0,"href":"https:\/\/diarioregionaldigital.com.br\/index.php?rest_route=\/wp\/v2\/posts\/165610\/revisions"}],"wp:featuredmedia":[{"embeddable":true,"href":"https:\/\/diarioregionaldigital.com.br\/index.php?rest_route=\/wp\/v2\/media\/165611"}],"wp:attachment":[{"href":"https:\/\/diarioregionaldigital.com.br\/index.php?rest_route=%2Fwp%2Fv2%2Fmedia&parent=165610"}],"wp:term":[{"taxonomy":"category","embeddable":true,"href":"https:\/\/diarioregionaldigital.com.br\/index.php?rest_route=%2Fwp%2Fv2%2Fcategories&post=165610"},{"taxonomy":"post_tag","embeddable":true,"href":"https:\/\/diarioregionaldigital.com.br\/index.php?rest_route=%2Fwp%2Fv2%2Ftags&post=165610"}],"curies":[{"name":"wp","href":"https:\/\/api.w.org\/{rel}","templated":true}]}}