{"id":165603,"date":"2020-07-29T16:57:44","date_gmt":"2020-07-29T19:57:44","guid":{"rendered":"https:\/\/diarioregionaldigital.com.br\/?p=165603"},"modified":"2020-07-29T16:58:02","modified_gmt":"2020-07-29T19:58:02","slug":"estao-disponiveis-os-cronogramas-de-reclassificacoes-do-sisu-e-pism","status":"publish","type":"post","link":"https:\/\/diarioregionaldigital.com.br\/?p=165603","title":{"rendered":"Est\u00e3o dispon\u00edveis os cronogramas de reclassifica\u00e7\u00f5es do Sisu e Pism"},"content":{"rendered":"<p><span style=\"font-weight: 400;\">A Coordenadoria de Assuntos e Registros Acad\u00eamicos (Cdara), da Universidade Federal de Juiz de Fora (UFJF), disponibilizou nesta quarta-feira (29), os cronogramas de reclassifica\u00e7\u00e3o referentes aos candidatos aprovados no segundo semestre de 2020 do Sistema de Sele\u00e7\u00e3o Unificada (Sisu) e Programa de Ingresso Seletivo Misto (Pism).<\/span><\/p>\n<p><span style=\"font-weight: 400;\">Os estudantes devem efetuar a matr\u00edcula em duas etapas: pr\u00e9-matr\u00edcula on-line e apresenta\u00e7\u00e3o dos documentos requeridos. Caso a primeira etapa (pr\u00e9-matr\u00edcula) seja feita dentro do prazo estabelecido, o candidato ter\u00e1 sua vaga reservada e garantida. Feito isso, deve aguardar a data para apresenta\u00e7\u00e3o da documenta\u00e7\u00e3o, que ser\u00e1 informada posteriormente, atrav\u00e9s do portal da Cdara.\u00a0<\/span><\/p>\n<p><span style=\"font-weight: 400;\">Quanto \u00e0 entrega dos documentos, a UFJF vai definir a quest\u00e3o da retomada das atividades letivas ou recomposi\u00e7\u00e3o do Calend\u00e1rio Acad\u00eamico, do 2\u00ba semestre de 2020. A partir dessa defini\u00e7\u00e3o, a data para a entrega dos documentos, de forma presencial ou remota, ser\u00e1 divulgada pela institui\u00e7\u00e3o.<\/span><\/p>\n<p><b>Lista de espera do Sisu<\/b><\/p>\n<p><span style=\"font-weight: 400;\">A UFJF oferece 865 vagas pelo Sisu 2020.2. Os candidatos aprovados na chamada regular j\u00e1 foram convocados para a pr\u00e9-matr\u00edcula on-line. No entanto, os que est\u00e3o em lista de espera devem permanecer atentos ao <\/span><span style=\"font-weight: 400;\">site da Cdara<\/span><span style=\"font-weight: 400;\">. <\/span><\/p>\n","protected":false},"excerpt":{"rendered":"<p>A Coordenadoria de Assuntos e Registros Acad\u00eamicos (Cdara), da Universidade Federal de Juiz de Fora (UFJF), disponibilizou nesta quarta-feira (29), os cronogramas de reclassifica\u00e7\u00e3o referentes aos candidatos aprovados no segundo semestre de 2020 do Sistema de Sele\u00e7\u00e3o Unificada (Sisu) e Programa de Ingresso Seletivo Misto (Pism). Os estudantes devem efetuar a matr\u00edcula em duas etapas: [&hellip;]<\/p>\n","protected":false},"author":96,"featured_media":165604,"comment_status":"closed","ping_status":"closed","sticky":false,"template":"","format":"standard","meta":{"footnotes":""},"categories":[253,436,439],"tags":[],"class_list":["post-165603","post","type-post","status-publish","format-standard","has-post-thumbnail","hentry","category-cidade","category-destaque-da-semana","category-ultima-hora"],"_links":{"self":[{"href":"https:\/\/diarioregionaldigital.com.br\/index.php?rest_route=\/wp\/v2\/posts\/165603","targetHints":{"allow":["GET"]}}],"collection":[{"href":"https:\/\/diarioregionaldigital.com.br\/index.php?rest_route=\/wp\/v2\/posts"}],"about":[{"href":"https:\/\/diarioregionaldigital.com.br\/index.php?rest_route=\/wp\/v2\/types\/post"}],"author":[{"embeddable":true,"href":"https:\/\/diarioregionaldigital.com.br\/index.php?rest_route=\/wp\/v2\/users\/96"}],"replies":[{"embeddable":true,"href":"https:\/\/diarioregionaldigital.com.br\/index.php?rest_route=%2Fwp%2Fv2%2Fcomments&post=165603"}],"version-history":[{"count":0,"href":"https:\/\/diarioregionaldigital.com.br\/index.php?rest_route=\/wp\/v2\/posts\/165603\/revisions"}],"wp:featuredmedia":[{"embeddable":true,"href":"https:\/\/diarioregionaldigital.com.br\/index.php?rest_route=\/wp\/v2\/media\/165604"}],"wp:attachment":[{"href":"https:\/\/diarioregionaldigital.com.br\/index.php?rest_route=%2Fwp%2Fv2%2Fmedia&parent=165603"}],"wp:term":[{"taxonomy":"category","embeddable":true,"href":"https:\/\/diarioregionaldigital.com.br\/index.php?rest_route=%2Fwp%2Fv2%2Fcategories&post=165603"},{"taxonomy":"post_tag","embeddable":true,"href":"https:\/\/diarioregionaldigital.com.br\/index.php?rest_route=%2Fwp%2Fv2%2Ftags&post=165603"}],"curies":[{"name":"wp","href":"https:\/\/api.w.org\/{rel}","templated":true}]}}