{"id":165436,"date":"2020-07-27T18:37:23","date_gmt":"2020-07-27T21:37:23","guid":{"rendered":"https:\/\/diarioregionaldigital.com.br\/?p=165436"},"modified":"2020-07-27T18:37:48","modified_gmt":"2020-07-27T21:37:48","slug":"secretaria-de-saude-confirma-109-mortes-em-juiz-de-fora","status":"publish","type":"post","link":"https:\/\/diarioregionaldigital.com.br\/?p=165436","title":{"rendered":"Secretaria de Sa\u00fade confirma 109 mortes em Juiz de Fora"},"content":{"rendered":"<p>O novo boletim divulgado nesta segunda-feira (27), pela Secretaria de Sa\u00fade (SS) da Prefeitura de Juiz de Fora (PJF), confirma 109 mortes por Coronav\u00edrus em Juiz de Fora. Segundo o levantamento, o munic\u00edpio teve mais 16 pessoas infectadas, contabilizando 3.323 casos confirmados. Com as atualiza\u00e7\u00f5es, casos suspeitos totalizam 12.512.<\/p>\n<p><b>\u00d3bitos:<\/b><\/p>\n<p>Homem, de 59 anos, morreu nesta segunda-feira, 27. Comorbidade: Doen\u00e7a Cardiovascular Cr\u00f4nica (DCC);<\/p>\n<p>Mulher, de 56 anos, morreu na sexta-feira, 24. Comorbidade: C\u00e2ncer de pulm\u00e3o;<\/p>\n<p>Homem, de 49 anos, morreu na sexta-feira, 24. Comorbidades: Doen\u00e7a Cardiovascular Cr\u00f4nica (DCC) e Diabetes Mellitus (DM);<\/p>\n<p>Idosa, de 92 anos, morreu nesse domingo, 26. Comorbidades: Doen\u00e7a Cardiovascular Cr\u00f4nica (DCC) e Diabetes Mellitus (DM);<\/p>\n<p><strong>Leitos<\/strong><\/p>\n<p>Segundo informa\u00e7\u00f5es da PJF, os leitos de enfermaria est\u00e3o com 56,37% de ocupa\u00e7\u00e3o. J\u00e1 os os leitos de UTI e SUS, est\u00e3o com taxa de 74,19% e 80,33% respectivamente.<\/p>\n<p><b>Paciente diagnosticado com covid-19 recebe alta do CTI<\/b><\/p>\n<p>Depois de mais de 40 dias internado no Centro de Tratamento e Terapia Intensiva (CTI) do Hospital de Pronto Socorro \u201cDoutor Mozart Teixeira\u201d (HPS), o paciente Douglas Wellington, de 40 anos, diagnosticado com covid-19, recebeu alta na manh\u00e3 desta segunda-feira, 27. Ele estava internado desde o dia 13 de junho e agora seguir\u00e1 tratamento na enfermaria da unidade.<\/p>\n","protected":false},"excerpt":{"rendered":"<p>O novo boletim divulgado nesta segunda-feira (27), pela Secretaria de Sa\u00fade (SS) da Prefeitura de Juiz de Fora (PJF), confirma 109 mortes por Coronav\u00edrus em Juiz de Fora. Segundo o levantamento, o munic\u00edpio teve mais 16 pessoas infectadas, contabilizando 3.323 casos confirmados. Com as atualiza\u00e7\u00f5es, casos suspeitos totalizam 12.512. \u00d3bitos: Homem, de 59 anos, morreu [&hellip;]<\/p>\n","protected":false},"author":96,"featured_media":161281,"comment_status":"closed","ping_status":"closed","sticky":false,"template":"","format":"standard","meta":{"footnotes":""},"categories":[253,436,440,439],"tags":[],"class_list":["post-165436","post","type-post","status-publish","format-standard","has-post-thumbnail","hentry","category-cidade","category-destaque-da-semana","category-destaques-do-dia","category-ultima-hora"],"_links":{"self":[{"href":"https:\/\/diarioregionaldigital.com.br\/index.php?rest_route=\/wp\/v2\/posts\/165436","targetHints":{"allow":["GET"]}}],"collection":[{"href":"https:\/\/diarioregionaldigital.com.br\/index.php?rest_route=\/wp\/v2\/posts"}],"about":[{"href":"https:\/\/diarioregionaldigital.com.br\/index.php?rest_route=\/wp\/v2\/types\/post"}],"author":[{"embeddable":true,"href":"https:\/\/diarioregionaldigital.com.br\/index.php?rest_route=\/wp\/v2\/users\/96"}],"replies":[{"embeddable":true,"href":"https:\/\/diarioregionaldigital.com.br\/index.php?rest_route=%2Fwp%2Fv2%2Fcomments&post=165436"}],"version-history":[{"count":0,"href":"https:\/\/diarioregionaldigital.com.br\/index.php?rest_route=\/wp\/v2\/posts\/165436\/revisions"}],"wp:featuredmedia":[{"embeddable":true,"href":"https:\/\/diarioregionaldigital.com.br\/index.php?rest_route=\/wp\/v2\/media\/161281"}],"wp:attachment":[{"href":"https:\/\/diarioregionaldigital.com.br\/index.php?rest_route=%2Fwp%2Fv2%2Fmedia&parent=165436"}],"wp:term":[{"taxonomy":"category","embeddable":true,"href":"https:\/\/diarioregionaldigital.com.br\/index.php?rest_route=%2Fwp%2Fv2%2Fcategories&post=165436"},{"taxonomy":"post_tag","embeddable":true,"href":"https:\/\/diarioregionaldigital.com.br\/index.php?rest_route=%2Fwp%2Fv2%2Ftags&post=165436"}],"curies":[{"name":"wp","href":"https:\/\/api.w.org\/{rel}","templated":true}]}}