{"id":165384,"date":"2020-07-26T00:13:15","date_gmt":"2020-07-26T03:13:15","guid":{"rendered":"https:\/\/diarioregionaldigital.com.br\/?p=165384"},"modified":"2020-07-25T19:27:32","modified_gmt":"2020-07-25T22:27:32","slug":"macrotendencia-do-campo-para-a-cidade","status":"publish","type":"post","link":"https:\/\/diarioregionaldigital.com.br\/?p=165384","title":{"rendered":"MACROTEND\u00caNCIA: DO CAMPO PARA A CIDADE"},"content":{"rendered":"<p>N\u00e3o \u00e9 de hoje que o romantismo com a est\u00e9tica do campo vem ganhando o olhar da moda. Com a pandemia mundial, tentamos buscar a sensa\u00e7\u00e3o de conforto e seguran\u00e7a, conectar com nossas ra\u00edzes, ancestralidade e natureza. Esse movimento ganha mais for\u00e7a e ressignifica\u00e7\u00e3o quando alinhado a pr\u00e1ticas mais sustent\u00e1veis dentro da ind\u00fastria da moda. Acompanhe comigo como as ruas, as passarelas &#8211; e at\u00e9 voc\u00ea &#8211; j\u00e1 aderiram a este movimento que est\u00e1 entre n\u00f3s e promete ficar tamb\u00e9m nas pr\u00f3ximas esta\u00e7\u00f5es.<\/p>\n<p>&nbsp;<\/p>\n<p><strong>\u00a0<\/strong><a href=\"https:\/\/diarioregionaldigital.com.br\/wp-content\/uploads\/2020\/07\/diario-pagina-06-15.pdf\">CLIQUE AQUI PARA LER A COLUNA COMPLETA<\/a><\/p>\n","protected":false},"excerpt":{"rendered":"<p>N\u00e3o \u00e9 de hoje que o romantismo com a est\u00e9tica do campo vem ganhando o olhar da moda. Com a pandemia mundial, tentamos buscar a sensa\u00e7\u00e3o de conforto e seguran\u00e7a, conectar com nossas ra\u00edzes, ancestralidade e natureza. Esse movimento ganha mais for\u00e7a e ressignifica\u00e7\u00e3o quando alinhado a pr\u00e1ticas mais sustent\u00e1veis dentro da ind\u00fastria da moda. [&hellip;]<\/p>\n","protected":false},"author":96,"featured_media":0,"comment_status":"closed","ping_status":"closed","sticky":false,"template":"","format":"standard","meta":{"footnotes":""},"categories":[1230],"tags":[],"class_list":["post-165384","post","type-post","status-publish","format-standard","hentry","category-moda-maria-carolina"],"_links":{"self":[{"href":"https:\/\/diarioregionaldigital.com.br\/index.php?rest_route=\/wp\/v2\/posts\/165384","targetHints":{"allow":["GET"]}}],"collection":[{"href":"https:\/\/diarioregionaldigital.com.br\/index.php?rest_route=\/wp\/v2\/posts"}],"about":[{"href":"https:\/\/diarioregionaldigital.com.br\/index.php?rest_route=\/wp\/v2\/types\/post"}],"author":[{"embeddable":true,"href":"https:\/\/diarioregionaldigital.com.br\/index.php?rest_route=\/wp\/v2\/users\/96"}],"replies":[{"embeddable":true,"href":"https:\/\/diarioregionaldigital.com.br\/index.php?rest_route=%2Fwp%2Fv2%2Fcomments&post=165384"}],"version-history":[{"count":0,"href":"https:\/\/diarioregionaldigital.com.br\/index.php?rest_route=\/wp\/v2\/posts\/165384\/revisions"}],"wp:attachment":[{"href":"https:\/\/diarioregionaldigital.com.br\/index.php?rest_route=%2Fwp%2Fv2%2Fmedia&parent=165384"}],"wp:term":[{"taxonomy":"category","embeddable":true,"href":"https:\/\/diarioregionaldigital.com.br\/index.php?rest_route=%2Fwp%2Fv2%2Fcategories&post=165384"},{"taxonomy":"post_tag","embeddable":true,"href":"https:\/\/diarioregionaldigital.com.br\/index.php?rest_route=%2Fwp%2Fv2%2Ftags&post=165384"}],"curies":[{"name":"wp","href":"https:\/\/api.w.org\/{rel}","templated":true}]}}