{"id":165366,"date":"2020-07-26T06:00:50","date_gmt":"2020-07-26T09:00:50","guid":{"rendered":"https:\/\/diarioregionaldigital.com.br\/?p=165366"},"modified":"2020-07-25T02:55:35","modified_gmt":"2020-07-25T05:55:35","slug":"arte-2","status":"publish","type":"post","link":"https:\/\/diarioregionaldigital.com.br\/?p=165366","title":{"rendered":"Arte"},"content":{"rendered":"<p style=\"text-align: center;\"><strong>Formas Org\u00e2nicas <\/strong><\/p>\n<p style=\"text-align: center;\">Com seu apurad\u00edssimo bom gosto, Ana Luiza Os\u00f3rio garimpou pela \u00c1sia uma vasta linha de lumin\u00e1rio em rattan e espalhou pelo Shopping da G\u00e1vea (RJ) e tamb\u00e9m pelo e-commerce. De quebra, ela contempla as pe\u00e7as em papel de arroz, inspiradas no artista japon\u00eas Noguchi.<\/p>\n<p style=\"text-align: center;\"><strong>Arte<\/strong><\/p>\n<p style=\"text-align: center;\">A bel\u00edssima obra de Candido Portinari vai ganhar uma s\u00e9rie de quatro epis\u00f3dios, que est\u00e1 sendo produzida pelo Instituto Dellarte e pelo Projeto para ser exibida em 2021. A atra\u00e7\u00e3o abre com sua obra-prima os pain\u00e9is Guerra e Paz e esquadrinha sua op\u00e7\u00e3o pelo comunismo.<\/p>\n<p style=\"text-align: center;\"><span style=\"font-size: 14pt;\"><strong>Para Refletir<\/strong><\/span><\/p>\n<p style=\"text-align: center;\">Para quem tem ins\u00f4nia e n\u00e3o precisar de medicamentos para dormir, ao inv\u00e9s de contar carneirinhos, coloque a m\u00e3o na barriga e sinta o movimento do abd\u00f4men em resposta \u00e0 respira\u00e7\u00e3o. Isso j\u00e1 vai ajudar a trazer a mente de volta ao presente, em lugar de deix\u00e1-la transitar entre passado e futuro.<\/p>\n<div id=\"attachment_165355\" style=\"width: 690px\" class=\"wp-caption aligncenter\"><img loading=\"lazy\" decoding=\"async\" aria-describedby=\"caption-attachment-165355\" class=\"wp-image-165355\" src=\"https:\/\/diarioregionaldigital.com.br\/wp-content\/uploads\/2020\/07\/fotoa-2-e1595653471766.jpeg\" alt=\"\" width=\"680\" height=\"509\" srcset=\"https:\/\/diarioregionaldigital.com.br\/wp-content\/uploads\/2020\/07\/fotoa-2-e1595653471766.jpeg 669w, https:\/\/diarioregionaldigital.com.br\/wp-content\/uploads\/2020\/07\/fotoa-2-e1595653471766-300x225.jpeg 300w, https:\/\/diarioregionaldigital.com.br\/wp-content\/uploads\/2020\/07\/fotoa-2-e1595653471766-360x270.jpeg 360w\" sizes=\"auto, (max-width: 680px) 100vw, 680px\" \/><p id=\"caption-attachment-165355\" class=\"wp-caption-text\">O domingo \u00e9 do bonit\u00e3o Ramon Wagner produzido com cord\u00e3o by Marfree Design, em noite de luz no Privil\u00e9ge, antes da pandemia<\/p><\/div>\n<div id=\"attachment_165356\" style=\"width: 690px\" class=\"wp-caption aligncenter\"><img loading=\"lazy\" decoding=\"async\" aria-describedby=\"caption-attachment-165356\" class=\"wp-image-165356\" src=\"https:\/\/diarioregionaldigital.com.br\/wp-content\/uploads\/2020\/07\/fotob-1-e1595653650769.jpeg\" alt=\"\" width=\"680\" height=\"487\" srcset=\"https:\/\/diarioregionaldigital.com.br\/wp-content\/uploads\/2020\/07\/fotob-1-e1595653650769.jpeg 823w, https:\/\/diarioregionaldigital.com.br\/wp-content\/uploads\/2020\/07\/fotob-1-e1595653650769-300x215.jpeg 300w, https:\/\/diarioregionaldigital.com.br\/wp-content\/uploads\/2020\/07\/fotob-1-e1595653650769-768x550.jpeg 768w, https:\/\/diarioregionaldigital.com.br\/wp-content\/uploads\/2020\/07\/fotob-1-e1595653650769-360x258.jpeg 360w\" sizes=\"auto, (max-width: 680px) 100vw, 680px\" \/><p id=\"caption-attachment-165356\" class=\"wp-caption-text\">O arquiteto de astros e estrelas Rodrigo Mota, revela\u00e7\u00e3o para 2020<\/p><\/div>\n<div id=\"attachment_165357\" style=\"width: 690px\" class=\"wp-caption aligncenter\"><img loading=\"lazy\" decoding=\"async\" aria-describedby=\"caption-attachment-165357\" class=\"wp-image-165357\" src=\"https:\/\/diarioregionaldigital.com.br\/wp-content\/uploads\/2020\/07\/fotoc-13-e1595653715955.jpg\" alt=\"\" width=\"680\" height=\"527\" srcset=\"https:\/\/diarioregionaldigital.com.br\/wp-content\/uploads\/2020\/07\/fotoc-13-e1595653715955.jpg 775w, https:\/\/diarioregionaldigital.com.br\/wp-content\/uploads\/2020\/07\/fotoc-13-e1595653715955-300x233.jpg 300w, https:\/\/diarioregionaldigital.com.br\/wp-content\/uploads\/2020\/07\/fotoc-13-e1595653715955-768x596.jpg 768w, https:\/\/diarioregionaldigital.com.br\/wp-content\/uploads\/2020\/07\/fotoc-13-e1595653715955-360x279.jpg 360w\" sizes=\"auto, (max-width: 680px) 100vw, 680px\" \/><p id=\"caption-attachment-165357\" class=\"wp-caption-text\">O inverno chiqu\u00e9rrimo da Dj rainha Renata Hirschberg<\/p><\/div>\n<div id=\"attachment_165358\" style=\"width: 690px\" class=\"wp-caption aligncenter\"><img loading=\"lazy\" decoding=\"async\" aria-describedby=\"caption-attachment-165358\" class=\"wp-image-165358\" src=\"https:\/\/diarioregionaldigital.com.br\/wp-content\/uploads\/2020\/07\/fotod-15-e1595653770399.jpg\" alt=\"\" width=\"680\" height=\"459\" srcset=\"https:\/\/diarioregionaldigital.com.br\/wp-content\/uploads\/2020\/07\/fotod-15-e1595653770399.jpg 513w, https:\/\/diarioregionaldigital.com.br\/wp-content\/uploads\/2020\/07\/fotod-15-e1595653770399-300x202.jpg 300w, https:\/\/diarioregionaldigital.com.br\/wp-content\/uploads\/2020\/07\/fotod-15-e1595653770399-360x243.jpg 360w\" sizes=\"auto, (max-width: 680px) 100vw, 680px\" \/><p id=\"caption-attachment-165358\" class=\"wp-caption-text\">O estilista Carlos Elias em fam\u00edlia com: Ant\u00f4nio Pinheiro, Ana Cristina Aguiar Souza, Elias de Aguiar Pinheiro e \u00c1urea Therezinha de Souza<\/p><\/div>\n<div id=\"attachment_165359\" style=\"width: 690px\" class=\"wp-caption aligncenter\"><img loading=\"lazy\" decoding=\"async\" aria-describedby=\"caption-attachment-165359\" class=\"wp-image-165359\" src=\"https:\/\/diarioregionaldigital.com.br\/wp-content\/uploads\/2020\/07\/fotoe-14-e1595653847836.jpg\" alt=\"\" width=\"680\" height=\"481\" srcset=\"https:\/\/diarioregionaldigital.com.br\/wp-content\/uploads\/2020\/07\/fotoe-14-e1595653847836.jpg 712w, https:\/\/diarioregionaldigital.com.br\/wp-content\/uploads\/2020\/07\/fotoe-14-e1595653847836-300x212.jpg 300w, https:\/\/diarioregionaldigital.com.br\/wp-content\/uploads\/2020\/07\/fotoe-14-e1595653847836-360x255.jpg 360w, https:\/\/diarioregionaldigital.com.br\/wp-content\/uploads\/2020\/07\/fotoe-14-e1595653847836-100x70.jpg 100w\" sizes=\"auto, (max-width: 680px) 100vw, 680px\" \/><p id=\"caption-attachment-165359\" class=\"wp-caption-text\">A querida Benedita Barbosa comemorou anivers\u00e1rio ladeada dos lindos Jamerson James e Rodrigo Moura<\/p><\/div>\n<div id=\"attachment_165360\" style=\"width: 690px\" class=\"wp-caption aligncenter\"><img loading=\"lazy\" decoding=\"async\" aria-describedby=\"caption-attachment-165360\" class=\"wp-image-165360\" src=\"https:\/\/diarioregionaldigital.com.br\/wp-content\/uploads\/2020\/07\/fotof-15-e1595653877226.jpg\" alt=\"\" width=\"680\" height=\"475\" srcset=\"https:\/\/diarioregionaldigital.com.br\/wp-content\/uploads\/2020\/07\/fotof-15-e1595653877226.jpg 645w, https:\/\/diarioregionaldigital.com.br\/wp-content\/uploads\/2020\/07\/fotof-15-e1595653877226-300x210.jpg 300w, https:\/\/diarioregionaldigital.com.br\/wp-content\/uploads\/2020\/07\/fotof-15-e1595653877226-360x252.jpg 360w, https:\/\/diarioregionaldigital.com.br\/wp-content\/uploads\/2020\/07\/fotof-15-e1595653877226-100x70.jpg 100w\" sizes=\"auto, (max-width: 680px) 100vw, 680px\" \/><p id=\"caption-attachment-165360\" class=\"wp-caption-text\">Em estilo artesanal em S\u00e3o Thom\u00e9 das Letras (MG), a querida Maria Cl\u00e1udia Pereira<\/p><\/div>\n<div id=\"attachment_165361\" style=\"width: 690px\" class=\"wp-caption aligncenter\"><img loading=\"lazy\" decoding=\"async\" aria-describedby=\"caption-attachment-165361\" class=\"wp-image-165361\" src=\"https:\/\/diarioregionaldigital.com.br\/wp-content\/uploads\/2020\/07\/fotog-14-e1595653929859.jpg\" alt=\"\" width=\"680\" height=\"493\" srcset=\"https:\/\/diarioregionaldigital.com.br\/wp-content\/uploads\/2020\/07\/fotog-14-e1595653929859.jpg 871w, https:\/\/diarioregionaldigital.com.br\/wp-content\/uploads\/2020\/07\/fotog-14-e1595653929859-300x217.jpg 300w, https:\/\/diarioregionaldigital.com.br\/wp-content\/uploads\/2020\/07\/fotog-14-e1595653929859-768x556.jpg 768w, https:\/\/diarioregionaldigital.com.br\/wp-content\/uploads\/2020\/07\/fotog-14-e1595653929859-360x261.jpg 360w\" sizes=\"auto, (max-width: 680px) 100vw, 680px\" \/><p id=\"caption-attachment-165361\" class=\"wp-caption-text\">Os charmosos Fl\u00e1via Lyra e Jeycow Ferraz no fino coquetel do Centro Se Ame Est\u00e9tica (RJ)<\/p><\/div>\n<div id=\"attachment_165362\" style=\"width: 690px\" class=\"wp-caption aligncenter\"><img loading=\"lazy\" decoding=\"async\" aria-describedby=\"caption-attachment-165362\" class=\"wp-image-165362\" src=\"https:\/\/diarioregionaldigital.com.br\/wp-content\/uploads\/2020\/07\/fotoh-16-e1595654149669.jpg\" alt=\"\" width=\"680\" height=\"489\" srcset=\"https:\/\/diarioregionaldigital.com.br\/wp-content\/uploads\/2020\/07\/fotoh-16-e1595654149669.jpg 930w, https:\/\/diarioregionaldigital.com.br\/wp-content\/uploads\/2020\/07\/fotoh-16-e1595654149669-300x216.jpg 300w, https:\/\/diarioregionaldigital.com.br\/wp-content\/uploads\/2020\/07\/fotoh-16-e1595654149669-768x552.jpg 768w, https:\/\/diarioregionaldigital.com.br\/wp-content\/uploads\/2020\/07\/fotoh-16-e1595654149669-360x259.jpg 360w\" sizes=\"auto, (max-width: 680px) 100vw, 680px\" \/><p id=\"caption-attachment-165362\" class=\"wp-caption-text\">Brindando \u00e0 vida antes da pandemia as elegantes Guenda Soares (Telemig) e Dani Soares<\/p><\/div>\n<p style=\"text-align: center;\"><strong>FOTOSS\u00cdNTESE<\/strong><\/p>\n<p>Hoje Dia dos Av\u00f3s. Parab\u00e9ns a todos que viveram uma vida feliz e plena.<\/p>\n<p>Antenada e convicta de seu talento, a jornalista e doutora em comunica\u00e7\u00e3o Melissa Ribeiro retirou do forno seu livro \u201cTV Social: o telespectador como protagonista na televis\u00e3o em m\u00faltiplas telas\u201d, publicado pela Editora Appris.<\/p>\n<p>Utilidade P\u00fablica: a Unimed\/JF foi credenciada para adotar a Pra\u00e7a Jarbas de Lery Santos no S\u00e3o Mateus. Na mobiliza\u00e7\u00e3o a manuten\u00e7\u00e3o do espa\u00e7o, em seguida, implantar um projeto de bem-estar para a popula\u00e7\u00e3o.<\/p>\n<p>Filha de Sonia e do advogado Marcus Moreira a Presidente da Comiss\u00e3o Civil da OAB Barra (RJ), a juiz forana Raquel Moreira brilhou com a live \u201cResponsabilidade civil em tempos de pandemia \u201ccom o tema sendo discutido com o presidente da OAB Minas, Raimundo C\u00e2ndido J\u00fanior.<\/p>\n<p>Isabella Og comandou pelo Instagram uma live em comemora\u00e7\u00e3o ao quatro anos do Shopping Jardim Norte. A a\u00e7\u00e3o em prol do Instituto Bruno foi coroada com leil\u00e3o de cestas diversas com marcas e produtos de qualidade.<\/p>\n<p>Fazendo sucesso a linha de casacos, camisas e bon\u00e9s exclusivos do evento Ibitipoca Off Road.<\/p>\n<p>Com texto assinados pelos servidores Felipe Reis Thaciane Souza e Alice Colucci de Martins, a C\u00e2mara Municipal de Matias Barbosa lan\u00e7ou o livro \u201cMatias Barbosa: a hist\u00f3ria pelos caminhos\u201d. Tamb\u00e9m dispon\u00edvel na vers\u00e3o digital. Ponto para o presidente vereador Jo\u00e3o Fernando de Assis Cipriani.<\/p>\n<p>Aten\u00e7\u00e3o: \u201cPara mim, o instrumento por excel\u00eancia, que abarca as varia\u00e7\u00f5es mais importantes, do choro ao murm\u00fario, \u00e9 a voz humana\u201d. (Ennio Morricone). Bom dia.<\/p>\n<p><img loading=\"lazy\" decoding=\"async\" class=\"aligncenter size-full wp-image-165367\" src=\"https:\/\/diarioregionaldigital.com.br\/wp-content\/uploads\/2020\/07\/anuncio44-scaled.jpg\" alt=\"\" width=\"2560\" height=\"987\" srcset=\"https:\/\/diarioregionaldigital.com.br\/wp-content\/uploads\/2020\/07\/anuncio44-scaled.jpg 2560w, https:\/\/diarioregionaldigital.com.br\/wp-content\/uploads\/2020\/07\/anuncio44-300x116.jpg 300w, https:\/\/diarioregionaldigital.com.br\/wp-content\/uploads\/2020\/07\/anuncio44-1024x395.jpg 1024w, https:\/\/diarioregionaldigital.com.br\/wp-content\/uploads\/2020\/07\/anuncio44-768x296.jpg 768w, https:\/\/diarioregionaldigital.com.br\/wp-content\/uploads\/2020\/07\/anuncio44-1536x592.jpg 1536w, https:\/\/diarioregionaldigital.com.br\/wp-content\/uploads\/2020\/07\/anuncio44-2048x790.jpg 2048w, https:\/\/diarioregionaldigital.com.br\/wp-content\/uploads\/2020\/07\/anuncio44-360x139.jpg 360w\" sizes=\"auto, (max-width: 2560px) 100vw, 2560px\" \/><\/p>\n","protected":false},"excerpt":{"rendered":"<p>Formas Org\u00e2nicas Com seu apurad\u00edssimo bom gosto, Ana Luiza Os\u00f3rio garimpou pela \u00c1sia uma vasta linha de lumin\u00e1rio em rattan e espalhou pelo Shopping da G\u00e1vea (RJ) e tamb\u00e9m pelo e-commerce. De quebra, ela contempla as pe\u00e7as em papel de arroz, inspiradas no artista japon\u00eas Noguchi. Arte A bel\u00edssima obra de Candido Portinari vai ganhar [&hellip;]<\/p>\n","protected":false},"author":96,"featured_media":165370,"comment_status":"closed","ping_status":"closed","sticky":false,"template":"","format":"standard","meta":{"footnotes":""},"categories":[264],"tags":[],"class_list":["post-165366","post","type-post","status-publish","format-standard","has-post-thumbnail","hentry","category-eduardo-gomes"],"_links":{"self":[{"href":"https:\/\/diarioregionaldigital.com.br\/index.php?rest_route=\/wp\/v2\/posts\/165366","targetHints":{"allow":["GET"]}}],"collection":[{"href":"https:\/\/diarioregionaldigital.com.br\/index.php?rest_route=\/wp\/v2\/posts"}],"about":[{"href":"https:\/\/diarioregionaldigital.com.br\/index.php?rest_route=\/wp\/v2\/types\/post"}],"author":[{"embeddable":true,"href":"https:\/\/diarioregionaldigital.com.br\/index.php?rest_route=\/wp\/v2\/users\/96"}],"replies":[{"embeddable":true,"href":"https:\/\/diarioregionaldigital.com.br\/index.php?rest_route=%2Fwp%2Fv2%2Fcomments&post=165366"}],"version-history":[{"count":0,"href":"https:\/\/diarioregionaldigital.com.br\/index.php?rest_route=\/wp\/v2\/posts\/165366\/revisions"}],"wp:featuredmedia":[{"embeddable":true,"href":"https:\/\/diarioregionaldigital.com.br\/index.php?rest_route=\/wp\/v2\/media\/165370"}],"wp:attachment":[{"href":"https:\/\/diarioregionaldigital.com.br\/index.php?rest_route=%2Fwp%2Fv2%2Fmedia&parent=165366"}],"wp:term":[{"taxonomy":"category","embeddable":true,"href":"https:\/\/diarioregionaldigital.com.br\/index.php?rest_route=%2Fwp%2Fv2%2Fcategories&post=165366"},{"taxonomy":"post_tag","embeddable":true,"href":"https:\/\/diarioregionaldigital.com.br\/index.php?rest_route=%2Fwp%2Fv2%2Ftags&post=165366"}],"curies":[{"name":"wp","href":"https:\/\/api.w.org\/{rel}","templated":true}]}}