{"id":165351,"date":"2020-07-24T23:32:04","date_gmt":"2020-07-25T02:32:04","guid":{"rendered":"https:\/\/diarioregionaldigital.com.br\/?p=165351"},"modified":"2020-07-24T23:32:04","modified_gmt":"2020-07-25T02:32:04","slug":"covid-19-brasil-tem-55-891-novos-casos-confirmados-nas-ultimas-24h","status":"publish","type":"post","link":"https:\/\/diarioregionaldigital.com.br\/?p=165351","title":{"rendered":"Covid-19: Brasil tem 55.891 novos casos confirmados nas \u00faltimas 24h"},"content":{"rendered":"<p>Nesta sexta-feira(24), o\u00a0balan\u00e7o di\u00e1rio do Minist\u00e9rio da Sa\u00fade\u00a0sobre os n\u00fameros da covid-19 trouxe 55.891 novos casos registrados nas \u00faltimas 24 horas. Ontem (23), o painel marcou 59.962 novos diagn\u00f3sticos acrescidos \u00e0s estat\u00edsticas e na quarta-feira(22), 67.860. No total, o Brasil chegou a 2.343.366 de pessoas infectadas notificadas desde o in\u00edcio da pandemia.<img decoding=\"async\" src=\"https:\/\/agenciabrasil.ebc.com.br\/ebc.png?id=1312253&amp;o=node\" \/><img decoding=\"async\" src=\"https:\/\/agenciabrasil.ebc.com.br\/ebc.gif?id=1312253&amp;o=node\" \/><\/p>\n<p>J\u00e1 o n\u00famero de novas mortes por causa da covid-19 registradas nas \u00faltimas 24 horas foi de 1.156. O total de \u00f3bitos desde o in\u00edcio da pandemia \u00e9 de 85.238. Ainda h\u00e1 3.741 \u00f3bitos em investiga\u00e7\u00e3o.<\/p>\n<p>De acordo com o Minist\u00e9rio da Sa\u00fade, 655.847 pacientes est\u00e3o em acompanhamento. E 1.592.281 brasileiros\u00a0j\u00e1 se recuperaram da doen\u00e7a.<\/p>\n<p><strong>Covid-19 nos estados<\/strong><\/p>\n<p>Os estados com mais registro de mortes por covid-19 s\u00e3o: S\u00e3o Paulo (21.206), Rio\u00a0de Janeiro\u00a0(12.654), Cear\u00e1 (7.426), Pernambuco (6.237) e Par\u00e1 (5.646). As Unidades da Federa\u00e7\u00e3o com menos falecimentos pela pandemia s\u00e3o: Mato Grosso do Sul (281), Tocantins (334), Roraima (465), Acre (480) e Amap\u00e1 (552).<\/p>\n<p>Os estados com mais casos confirmados da doen\u00e7a s\u00e3o: S\u00e3o Paulo (452.007), Cear\u00e1 (156.242), Rio de Janeiro (151.549), Par\u00e1 (144.467) e Bahia (138.358). As Unidades da Federa\u00e7\u00e3o com menos pessoas infectadas registradas s\u00e3o: Acre (18.393), Tocantins (19.965), (19.423), Mato Grosso do Sul (20.303), Roraima (28.874) e Rond\u00f4nia (34.873).<\/p>\n<p><strong>Fonte:\u00a0<\/strong>Ag\u00eancia Brasil<\/p>\n","protected":false},"excerpt":{"rendered":"<p>Nesta sexta-feira(24), o\u00a0balan\u00e7o di\u00e1rio do Minist\u00e9rio da Sa\u00fade\u00a0sobre os n\u00fameros da covid-19 trouxe 55.891 novos casos registrados nas \u00faltimas 24 horas. Ontem (23), o painel marcou 59.962 novos diagn\u00f3sticos acrescidos \u00e0s estat\u00edsticas e na quarta-feira(22), 67.860. No total, o Brasil chegou a 2.343.366 de pessoas infectadas notificadas desde o in\u00edcio da pandemia. J\u00e1 o n\u00famero [&hellip;]<\/p>\n","protected":false},"author":96,"featured_media":165352,"comment_status":"closed","ping_status":"closed","sticky":false,"template":"","format":"standard","meta":{"footnotes":""},"categories":[302,436,440,439],"tags":[],"class_list":["post-165351","post","type-post","status-publish","format-standard","has-post-thumbnail","hentry","category-brasil-mundo","category-destaque-da-semana","category-destaques-do-dia","category-ultima-hora"],"_links":{"self":[{"href":"https:\/\/diarioregionaldigital.com.br\/index.php?rest_route=\/wp\/v2\/posts\/165351","targetHints":{"allow":["GET"]}}],"collection":[{"href":"https:\/\/diarioregionaldigital.com.br\/index.php?rest_route=\/wp\/v2\/posts"}],"about":[{"href":"https:\/\/diarioregionaldigital.com.br\/index.php?rest_route=\/wp\/v2\/types\/post"}],"author":[{"embeddable":true,"href":"https:\/\/diarioregionaldigital.com.br\/index.php?rest_route=\/wp\/v2\/users\/96"}],"replies":[{"embeddable":true,"href":"https:\/\/diarioregionaldigital.com.br\/index.php?rest_route=%2Fwp%2Fv2%2Fcomments&post=165351"}],"version-history":[{"count":0,"href":"https:\/\/diarioregionaldigital.com.br\/index.php?rest_route=\/wp\/v2\/posts\/165351\/revisions"}],"wp:featuredmedia":[{"embeddable":true,"href":"https:\/\/diarioregionaldigital.com.br\/index.php?rest_route=\/wp\/v2\/media\/165352"}],"wp:attachment":[{"href":"https:\/\/diarioregionaldigital.com.br\/index.php?rest_route=%2Fwp%2Fv2%2Fmedia&parent=165351"}],"wp:term":[{"taxonomy":"category","embeddable":true,"href":"https:\/\/diarioregionaldigital.com.br\/index.php?rest_route=%2Fwp%2Fv2%2Fcategories&post=165351"},{"taxonomy":"post_tag","embeddable":true,"href":"https:\/\/diarioregionaldigital.com.br\/index.php?rest_route=%2Fwp%2Fv2%2Ftags&post=165351"}],"curies":[{"name":"wp","href":"https:\/\/api.w.org\/{rel}","templated":true}]}}