{"id":165347,"date":"2020-07-24T19:17:46","date_gmt":"2020-07-24T22:17:46","guid":{"rendered":"https:\/\/diarioregionaldigital.com.br\/?p=165347"},"modified":"2020-07-24T19:17:46","modified_gmt":"2020-07-24T22:17:46","slug":"pm-encontra-materiais-relacionados-ao-trafico-no-bairro-caicaras-ii","status":"publish","type":"post","link":"https:\/\/diarioregionaldigital.com.br\/?p=165347","title":{"rendered":"PM encontra materiais relacionados ao tr\u00e1fico no Bairro Cai\u00e7aras II"},"content":{"rendered":"<p>A Pol\u00edcia Militar (PM), recebeu informa\u00e7\u00f5es acerca de um poss\u00edvel tr\u00e1fico de drogas no Bairro Cai\u00e7aras II (Cidade Alta) e durante buscas em um matagal, foram encontrados <span style=\"font-weight: 400;\">120 papelotes de coca\u00edna, 3<\/span><span style=\"font-weight: 400;\"> pedras brutas de crack, quatro<\/span><span style=\"font-weight: 400;\"> tabletes e <\/span><span style=\"font-weight: 400;\">65 buchas de maconha, duas<\/span><span style=\"font-weight: 400;\"> balan\u00e7as de precis\u00e3o e um<\/span><span style=\"font-weight: 400;\"> pote pl\u00e1stico aonde parte das drogas estavam enterradas. Ainda durante rastreamentos, os suspeitos n\u00e3o foram localizados.<\/span><\/p>\n","protected":false},"excerpt":{"rendered":"<p>A Pol\u00edcia Militar (PM), recebeu informa\u00e7\u00f5es acerca de um poss\u00edvel tr\u00e1fico de drogas no Bairro Cai\u00e7aras II (Cidade Alta) e durante buscas em um matagal, foram encontrados 120 papelotes de coca\u00edna, 3 pedras brutas de crack, quatro tabletes e 65 buchas de maconha, duas balan\u00e7as de precis\u00e3o e um pote pl\u00e1stico aonde parte das drogas [&hellip;]<\/p>\n","protected":false},"author":96,"featured_media":165348,"comment_status":"closed","ping_status":"closed","sticky":false,"template":"","format":"standard","meta":{"footnotes":""},"categories":[301,436,439],"tags":[],"class_list":["post-165347","post","type-post","status-publish","format-standard","has-post-thumbnail","hentry","category-artigos-policiais","category-destaque-da-semana","category-ultima-hora"],"_links":{"self":[{"href":"https:\/\/diarioregionaldigital.com.br\/index.php?rest_route=\/wp\/v2\/posts\/165347","targetHints":{"allow":["GET"]}}],"collection":[{"href":"https:\/\/diarioregionaldigital.com.br\/index.php?rest_route=\/wp\/v2\/posts"}],"about":[{"href":"https:\/\/diarioregionaldigital.com.br\/index.php?rest_route=\/wp\/v2\/types\/post"}],"author":[{"embeddable":true,"href":"https:\/\/diarioregionaldigital.com.br\/index.php?rest_route=\/wp\/v2\/users\/96"}],"replies":[{"embeddable":true,"href":"https:\/\/diarioregionaldigital.com.br\/index.php?rest_route=%2Fwp%2Fv2%2Fcomments&post=165347"}],"version-history":[{"count":0,"href":"https:\/\/diarioregionaldigital.com.br\/index.php?rest_route=\/wp\/v2\/posts\/165347\/revisions"}],"wp:featuredmedia":[{"embeddable":true,"href":"https:\/\/diarioregionaldigital.com.br\/index.php?rest_route=\/wp\/v2\/media\/165348"}],"wp:attachment":[{"href":"https:\/\/diarioregionaldigital.com.br\/index.php?rest_route=%2Fwp%2Fv2%2Fmedia&parent=165347"}],"wp:term":[{"taxonomy":"category","embeddable":true,"href":"https:\/\/diarioregionaldigital.com.br\/index.php?rest_route=%2Fwp%2Fv2%2Fcategories&post=165347"},{"taxonomy":"post_tag","embeddable":true,"href":"https:\/\/diarioregionaldigital.com.br\/index.php?rest_route=%2Fwp%2Fv2%2Ftags&post=165347"}],"curies":[{"name":"wp","href":"https:\/\/api.w.org\/{rel}","templated":true}]}}