{"id":165319,"date":"2020-07-24T16:33:24","date_gmt":"2020-07-24T19:33:24","guid":{"rendered":"https:\/\/diarioregionaldigital.com.br\/?p=165319"},"modified":"2020-07-24T16:33:24","modified_gmt":"2020-07-24T19:33:24","slug":"governo-reve-e-reforca-acoes-de-enfrentamento-a-pandemia","status":"publish","type":"post","link":"https:\/\/diarioregionaldigital.com.br\/?p=165319","title":{"rendered":"Governo rev\u00ea e refor\u00e7a a\u00e7\u00f5es de enfrentamento \u00e0 pandemia"},"content":{"rendered":"<p>Em coletiva virtual nesta sexta-feira (24), o secret\u00e1rio adjunto de Estado de Sa\u00fade, Marcelo Cabral, e o chefe de Gabinete, Jo\u00e3o Pinho, falaram sobre a situa\u00e7\u00e3o da covid-19 em Minas e sobre o processo de revis\u00e3o do plano Minas Consciente.<\/p>\n<p>Marcelo Cabral destacou o trabalho feito pela\u00a0Secretaria de Estado de Sa\u00fade (SES-MG)\u00a0para preparar a rede p\u00fablica e assegurar a assist\u00eancia adequada \u00e0 popula\u00e7\u00e3o. \u201cAumentamos em mais de 1,5 mil\u00a0o n\u00famero de leitos de UTI, garantindo neste momento a assist\u00eancia a todos os mineiros que precisam de atendimento. Al\u00e9m disso, vale destacar que temos \u00edndices sustent\u00e1veis relacionados \u00e0 ocupa\u00e7\u00e3o de leitos\u201d.<\/p>\n<p>Atualmente, est\u00e3o cadastrados no SUS f\u00e1cil 20.711 leitos de enfermaria e 3.653 leitos de UTI. A taxa de ocupa\u00e7\u00e3o geral de leitos de UTI est\u00e1 em 67,29% e de leitos de enfermaria est\u00e1 em 57,99%.<\/p>\n<p><b>Minas Consciente<\/b><\/p>\n<p>Encerrado o processo de consulta p\u00fablica para revis\u00e3o do plano Minas Consciente, o chefe de Gabinete da SES-MG, Jo\u00e3o Pinho, afirmou que a a\u00e7\u00e3o \u00e9 importante para que sejam feitas as adequa\u00e7\u00f5es necess\u00e1rias, levando-se em considera\u00e7\u00e3o a mudan\u00e7a no cen\u00e1rio epidemiol\u00f3gico do estado.<\/p>\n<p>\u201cQuando lan\u00e7amos o plano, em abril, est\u00e1vamos numa fase de ascens\u00e3o no n\u00famero de casos e de \u00f3bitos confirmados. Hoje, o cen\u00e1rio \u00e9 de expectativa para uma poss\u00edvel diminui\u00e7\u00e3o desses n\u00fameros, e \u00e9 preciso verificar se a estrat\u00e9gia do\u00a0 momento \u00e9 a mais adequada para esta etapa\u201d, avaliou.<\/p>\n<p>O plano Minas Consciente entrou em vigor no estado em 30 de abril, com o objetivo de coordenar a setoriza\u00e7\u00e3o das atividades econ\u00f4micas em quatro \u201condas\u201d (onda verde \u2013 servi\u00e7os essenciais; onda branca \u2013 primeira fase; onda amarela \u2013 segunda fase; onda vermelha \u2013 terceira fase).<\/p>\n<p>Atualmente, 254 munic\u00edpios aderiram ao plano, representando um impacto em cerca de 6,3 milh\u00f5es de mineiros. As macrorregi\u00f5es que possuem mais cidades integradas s\u00e3o: Centro-Sul, com 40 munic\u00edpios, Sudeste, com 57, Centro, com 34, e regi\u00e3o Noroeste, com 17 munic\u00edpios.<\/p>\n<p><strong>Fonte:\u00a0<\/strong>Ag\u00eancia Minas<\/p>\n","protected":false},"excerpt":{"rendered":"<p>Em coletiva virtual nesta sexta-feira (24), o secret\u00e1rio adjunto de Estado de Sa\u00fade, Marcelo Cabral, e o chefe de Gabinete, Jo\u00e3o Pinho, falaram sobre a situa\u00e7\u00e3o da covid-19 em Minas e sobre o processo de revis\u00e3o do plano Minas Consciente. Marcelo Cabral destacou o trabalho feito pela\u00a0Secretaria de Estado de Sa\u00fade (SES-MG)\u00a0para preparar a rede [&hellip;]<\/p>\n","protected":false},"author":96,"featured_media":165320,"comment_status":"closed","ping_status":"closed","sticky":false,"template":"","format":"standard","meta":{"footnotes":""},"categories":[436,252,439],"tags":[],"class_list":["post-165319","post","type-post","status-publish","format-standard","has-post-thumbnail","hentry","category-destaque-da-semana","category-regiao","category-ultima-hora"],"_links":{"self":[{"href":"https:\/\/diarioregionaldigital.com.br\/index.php?rest_route=\/wp\/v2\/posts\/165319","targetHints":{"allow":["GET"]}}],"collection":[{"href":"https:\/\/diarioregionaldigital.com.br\/index.php?rest_route=\/wp\/v2\/posts"}],"about":[{"href":"https:\/\/diarioregionaldigital.com.br\/index.php?rest_route=\/wp\/v2\/types\/post"}],"author":[{"embeddable":true,"href":"https:\/\/diarioregionaldigital.com.br\/index.php?rest_route=\/wp\/v2\/users\/96"}],"replies":[{"embeddable":true,"href":"https:\/\/diarioregionaldigital.com.br\/index.php?rest_route=%2Fwp%2Fv2%2Fcomments&post=165319"}],"version-history":[{"count":0,"href":"https:\/\/diarioregionaldigital.com.br\/index.php?rest_route=\/wp\/v2\/posts\/165319\/revisions"}],"wp:featuredmedia":[{"embeddable":true,"href":"https:\/\/diarioregionaldigital.com.br\/index.php?rest_route=\/wp\/v2\/media\/165320"}],"wp:attachment":[{"href":"https:\/\/diarioregionaldigital.com.br\/index.php?rest_route=%2Fwp%2Fv2%2Fmedia&parent=165319"}],"wp:term":[{"taxonomy":"category","embeddable":true,"href":"https:\/\/diarioregionaldigital.com.br\/index.php?rest_route=%2Fwp%2Fv2%2Fcategories&post=165319"},{"taxonomy":"post_tag","embeddable":true,"href":"https:\/\/diarioregionaldigital.com.br\/index.php?rest_route=%2Fwp%2Fv2%2Ftags&post=165319"}],"curies":[{"name":"wp","href":"https:\/\/api.w.org\/{rel}","templated":true}]}}