{"id":165313,"date":"2020-07-24T15:22:50","date_gmt":"2020-07-24T18:22:50","guid":{"rendered":"https:\/\/diarioregionaldigital.com.br\/?p=165313"},"modified":"2020-07-24T15:22:50","modified_gmt":"2020-07-24T18:22:50","slug":"f1-confirma-cancelamento-dos-grandes-premios-do-brasil-eua-mexico-e-canada","status":"publish","type":"post","link":"https:\/\/diarioregionaldigital.com.br\/?p=165313","title":{"rendered":"F1 confirma cancelamento dos Grandes Pr\u00eamios do Brasil, EUA, M\u00e9xico e Canad\u00e1"},"content":{"rendered":"<p><span style=\"font-weight: 400;\">Como havia sido previsto no in\u00edcio do m\u00eas, a F1 confirmou o cancelamento das provas do Brasil, EUA, M\u00e9xico e Canad\u00e1. Diante disso, ser\u00e1 a primeira vez que o continente americano n\u00e3o recebe a categoria m\u00e1xima do automobilismo mundial, desde sua cria\u00e7\u00e3o em 1950.<\/span><\/p>\n<p><span style=\"font-weight: 400;\">Os cancelamentos se devem aos desdobramentos da pandemia do Coronav\u00edrus, principalmente no n\u00famero de casos e mortes confirmadas. Quanto ao Canad\u00e1, <\/span><span style=\"font-weight: 400;\">cuja data original da prova era em junho, teria as melhores condi\u00e7\u00f5es sanit\u00e1rias para receber a corrida. No entanto, <\/span><span style=\"font-weight: 400;\">a quest\u00e3o da log\u00edstica foi um dos principais entraves,ent uma vez que o acesso ao pa\u00eds \u00e9 mais complicado por estar mais distante da Europa e tamb\u00e9m por conta das quest\u00f5es clim\u00e1ticas.<\/span><\/p>\n<p><span style=\"font-weight: 400;\">Em nota a F1 lamenta o cancelamento das etapas e garante retorno ao continente americano em 2021:<\/span><\/p>\n<p><span style=\"font-weight: 400;\">\u201cQueremos agradecer a todos os nossos parceiros novos e existentes e \u00e0s autoridades nacionais pelo trabalho e esfor\u00e7o realizados nos \u00faltimos meses. Embora seja decepcionante n\u00e3o ser poss\u00edvel competir nas Am\u00e9ricas este ano, estamos ansiosos para voltar na pr\u00f3xima temporada e sabemos que as corridas em nosso calend\u00e1rio revisado continuar\u00e3o empolgando nossos f\u00e3s e oferecendo novos desafios para as equipes e pilotos&#8221;.<\/span><\/p>\n<p><span style=\"font-weight: 400;\">Diante dos fatos, ser\u00e1 a primeira vez que o Brasil fica de fora do calend\u00e1rio, perdendo assim <\/span><span style=\"font-weight: 400;\">uma sequ\u00eancia de 47 anos recebendo provas v\u00e1lidas pelo Mundial de F\u00f3rmula 1. Dos pa\u00edses que comp\u00f5em o atual calend\u00e1rio, apenas Inglaterra e It\u00e1lia tinham mais temporadas seguidas com GPs, em todas as 70, desde 1950.<\/span><\/p>\n<p><b>Mais etapas inclu\u00eddas no calend\u00e1rio<\/b><\/p>\n<p><span style=\"font-weight: 400;\">A F1 confirmou ainda a inclus\u00e3o de mais tr\u00eas provas no calend\u00e1rio revisado da temporada 2020: Nurburgring (Alemanha), Portim\u00e3o (Portugal) e \u00cdmola (It\u00e1lia).\u00a0<\/span><\/p>\n<p><span style=\"font-weight: 400;\">O circuito alem\u00e3o est\u00e1 de volta \u00e0 categoria, depois de 7 anos de aus\u00eancia, a \u00faltima etapa havia sido em 2013, com vit\u00f3ria de Sebastian Vettel, na \u00e9poca pela Red Bull. Curiosamente, ser\u00e1 a primeira vez que o circuito receber\u00e1 a chamada \u201cEra dos Motores Turbos H\u00edbridos\u201d. A etapa est\u00e1 marcada para os dias 9,10 e 11 de outubro<\/span><\/p>\n<p><span style=\"font-weight: 400;\">Quanto ao Circuito de Portim\u00e3o, a etapa ser\u00e1 disputada nos dias 23, 24 e 25 do mesmo m\u00eas. Ser\u00e1 a primeira vez que o circuito portugu\u00eas recebe a categoria. Al\u00e9m disso, Portugal esteve de fora do calend\u00e1rio da F1, desde 1996 e na \u00e9poca a prova era disputada no Circuito de Estoril. O \u00faltimo vencedor foi o canadense Jacques Villeneuve com a Williams.\u00a0<\/span><\/p>\n<p><span style=\"font-weight: 400;\">J\u00e1 o Circuito de \u00cdmola, em Bolonha na It\u00e1lia, ser\u00e1 batizado como Grande Pr\u00eamio da Emilia Romagna, mas ser\u00e3o dois dias de programa\u00e7\u00e3o, nos dias 31 de outubro e 1\u00ba de novembro. <\/span><span style=\"font-weight: 400;\">O formato do fim de semana ainda n\u00e3o foi definido, mas provavelmente haver\u00e1 apenas um treino livre antes da classifica\u00e7\u00e3o e da corrida. <\/span><span style=\"font-weight: 400;\">De quebra, marca o retorno da F1 no circuito italiano, ap\u00f3s 14 anos de aus\u00eancia, a \u00faltima prova foi em 2006 com vit\u00f3ria de Michael Schumacher com a Ferrari. Al\u00e9m disso, a pista ficou marcada pelas mortes de Ayrton Senna, do austr\u00edaco Roland Ratzenberger, do grave acidente que quase vitimou Rubens Barrichello e tamb\u00e9m pela batida envolvendo o finland\u00eas JJ Lehto, da Benetton e o portugu\u00eas Pedro Lamy da Lotus na largada, cujo impacto fez espalhar peda\u00e7os de carro na arquibancada e deixou torcedores feridos. Tudo isso no chamado \u201cFim de Semana Negro da F1\u201d em 1994.<\/span><\/p>\n<p><span style=\"font-weight: 400;\">O CEO da Liberty Media, empresa dona dos direitos da F1, Chase Carey, falou sobre a inclus\u00e3o de mais tr\u00eas etapas no calend\u00e1rio revisado da temporada:<\/span><\/p>\n<p><span style=\"font-weight: 400;\">\u201cEstamos satisfeitos por continuarmos a fazer grandes progressos na finaliza\u00e7\u00e3o de nossos planos para a temporada 2020 e estamos animados em receber N\u00fcrburgring, Portim\u00e3o e Imola no calend\u00e1rio revisado. Queremos agradecer aos promotores, \u00e0s equipes e \u00e0 FIA por seu total apoio em nossos esfor\u00e7os para proporcionar aos nossos f\u00e3s corridas emocionantes nesta temporada, durante um per\u00edodo sem precedentes. Tamb\u00e9m queremos prestar homenagem aos nossos incr\u00edveis parceiros nas Am\u00e9ricas e esperamos voltar com eles na pr\u00f3xima temporada, quando mais uma vez eles conseguir\u00e3o emocionar milh\u00f5es de f\u00e3s ao redor do mundo.&#8221;<\/span><\/p>\n<p><span style=\"font-weight: 400;\">Com o an\u00fancio desta sexta-feira, o calend\u00e1rio original de 22 corridas passa a ter 11 cancelamentos: Austr\u00e1lia, Holanda, M\u00f4naco, Fran\u00e7a, Canad\u00e1, Azerbaij\u00e3o, Singapura, Jap\u00e3o, Estados Unidos, M\u00e9xico e Brasil. As provas de Vietn\u00e3, China, Bahrein e Abu Dhabi ainda n\u00e3o est\u00e3o confirmadas.<\/span><\/p>\n<p>&nbsp;<\/p>\n","protected":false},"excerpt":{"rendered":"<p>Como havia sido previsto no in\u00edcio do m\u00eas, a F1 confirmou o cancelamento das provas do Brasil, EUA, M\u00e9xico e Canad\u00e1. Diante disso, ser\u00e1 a primeira vez que o continente americano n\u00e3o recebe a categoria m\u00e1xima do automobilismo mundial, desde sua cria\u00e7\u00e3o em 1950. Os cancelamentos se devem aos desdobramentos da pandemia do Coronav\u00edrus, principalmente [&hellip;]<\/p>\n","protected":false},"author":96,"featured_media":165314,"comment_status":"closed","ping_status":"closed","sticky":false,"template":"","format":"standard","meta":{"footnotes":""},"categories":[436,257,439],"tags":[],"class_list":["post-165313","post","type-post","status-publish","format-standard","has-post-thumbnail","hentry","category-destaque-da-semana","category-esporte","category-ultima-hora"],"_links":{"self":[{"href":"https:\/\/diarioregionaldigital.com.br\/index.php?rest_route=\/wp\/v2\/posts\/165313","targetHints":{"allow":["GET"]}}],"collection":[{"href":"https:\/\/diarioregionaldigital.com.br\/index.php?rest_route=\/wp\/v2\/posts"}],"about":[{"href":"https:\/\/diarioregionaldigital.com.br\/index.php?rest_route=\/wp\/v2\/types\/post"}],"author":[{"embeddable":true,"href":"https:\/\/diarioregionaldigital.com.br\/index.php?rest_route=\/wp\/v2\/users\/96"}],"replies":[{"embeddable":true,"href":"https:\/\/diarioregionaldigital.com.br\/index.php?rest_route=%2Fwp%2Fv2%2Fcomments&post=165313"}],"version-history":[{"count":0,"href":"https:\/\/diarioregionaldigital.com.br\/index.php?rest_route=\/wp\/v2\/posts\/165313\/revisions"}],"wp:featuredmedia":[{"embeddable":true,"href":"https:\/\/diarioregionaldigital.com.br\/index.php?rest_route=\/wp\/v2\/media\/165314"}],"wp:attachment":[{"href":"https:\/\/diarioregionaldigital.com.br\/index.php?rest_route=%2Fwp%2Fv2%2Fmedia&parent=165313"}],"wp:term":[{"taxonomy":"category","embeddable":true,"href":"https:\/\/diarioregionaldigital.com.br\/index.php?rest_route=%2Fwp%2Fv2%2Fcategories&post=165313"},{"taxonomy":"post_tag","embeddable":true,"href":"https:\/\/diarioregionaldigital.com.br\/index.php?rest_route=%2Fwp%2Fv2%2Ftags&post=165313"}],"curies":[{"name":"wp","href":"https:\/\/api.w.org\/{rel}","templated":true}]}}