{"id":165307,"date":"2020-07-24T14:37:39","date_gmt":"2020-07-24T17:37:39","guid":{"rendered":"https:\/\/diarioregionaldigital.com.br\/?p=165307"},"modified":"2020-07-24T14:37:39","modified_gmt":"2020-07-24T17:37:39","slug":"jovem-recebe-comprimidos-de-ecstasy-como-encomenda","status":"publish","type":"post","link":"https:\/\/diarioregionaldigital.com.br\/?p=165307","title":{"rendered":"Jovem recebe comprimidos de ecstasy como encomenda"},"content":{"rendered":"<p>Um jovem de 21 anos, foi preso na tarde de ontem (23) no Bairro Costa Carvalho (Regi\u00e3o Leste), suspeito de estar recebendo comprimidos de Ecstasy como encomenda. Durante patrulhamento, a Pol\u00edcia Militar (PM) avistou a irm\u00e3 do autor recebendo a entrega do pacote e durante abordagem, ela relatou que a encomenda pertencia a ele. Instantes depois foi feito contato com o autor e o mesmo foi a sua resid\u00eancia, onde ap\u00f3s autorizado, foi verificado que a encomenda se tratava de 151 comprimidos de Ecstasy. Ainda durante buscas no interior da resid\u00eancia, foram localizados 2 potes de vidro contendo maconha. Autor preso e conduzido a Delegacia.<\/p>\n","protected":false},"excerpt":{"rendered":"<p>Um jovem de 21 anos, foi preso na tarde de ontem (23) no Bairro Costa Carvalho (Regi\u00e3o Leste), suspeito de estar recebendo comprimidos de Ecstasy como encomenda. Durante patrulhamento, a Pol\u00edcia Militar (PM) avistou a irm\u00e3 do autor recebendo a entrega do pacote e durante abordagem, ela relatou que a encomenda pertencia a ele. Instantes [&hellip;]<\/p>\n","protected":false},"author":96,"featured_media":165308,"comment_status":"closed","ping_status":"closed","sticky":false,"template":"","format":"standard","meta":{"footnotes":""},"categories":[301,436,439],"tags":[],"class_list":["post-165307","post","type-post","status-publish","format-standard","has-post-thumbnail","hentry","category-artigos-policiais","category-destaque-da-semana","category-ultima-hora"],"_links":{"self":[{"href":"https:\/\/diarioregionaldigital.com.br\/index.php?rest_route=\/wp\/v2\/posts\/165307","targetHints":{"allow":["GET"]}}],"collection":[{"href":"https:\/\/diarioregionaldigital.com.br\/index.php?rest_route=\/wp\/v2\/posts"}],"about":[{"href":"https:\/\/diarioregionaldigital.com.br\/index.php?rest_route=\/wp\/v2\/types\/post"}],"author":[{"embeddable":true,"href":"https:\/\/diarioregionaldigital.com.br\/index.php?rest_route=\/wp\/v2\/users\/96"}],"replies":[{"embeddable":true,"href":"https:\/\/diarioregionaldigital.com.br\/index.php?rest_route=%2Fwp%2Fv2%2Fcomments&post=165307"}],"version-history":[{"count":0,"href":"https:\/\/diarioregionaldigital.com.br\/index.php?rest_route=\/wp\/v2\/posts\/165307\/revisions"}],"wp:featuredmedia":[{"embeddable":true,"href":"https:\/\/diarioregionaldigital.com.br\/index.php?rest_route=\/wp\/v2\/media\/165308"}],"wp:attachment":[{"href":"https:\/\/diarioregionaldigital.com.br\/index.php?rest_route=%2Fwp%2Fv2%2Fmedia&parent=165307"}],"wp:term":[{"taxonomy":"category","embeddable":true,"href":"https:\/\/diarioregionaldigital.com.br\/index.php?rest_route=%2Fwp%2Fv2%2Fcategories&post=165307"},{"taxonomy":"post_tag","embeddable":true,"href":"https:\/\/diarioregionaldigital.com.br\/index.php?rest_route=%2Fwp%2Fv2%2Ftags&post=165307"}],"curies":[{"name":"wp","href":"https:\/\/api.w.org\/{rel}","templated":true}]}}