{"id":165300,"date":"2020-07-24T13:41:28","date_gmt":"2020-07-24T16:41:28","guid":{"rendered":"https:\/\/diarioregionaldigital.com.br\/?p=165300"},"modified":"2020-07-24T13:41:28","modified_gmt":"2020-07-24T16:41:28","slug":"caixa-paga-hoje-auxilio-emergencial-a-54-milhoes-de-beneficiarios","status":"publish","type":"post","link":"https:\/\/diarioregionaldigital.com.br\/?p=165300","title":{"rendered":"Caixa paga hoje aux\u00edlio emergencial a 5,4 milh\u00f5es de benefici\u00e1rios"},"content":{"rendered":"<p>A Caixa Econ\u00f4mica Federal libera hoje (24) o pagamento do aux\u00edlio emergencial para 5,4 milh\u00f5es de benefici\u00e1rios. A parcela de R$ 600 ou de R$ 1,2 mil (m\u00e3es solteiras) ser\u00e1 paga a 1,9 milh\u00e3o de benefici\u00e1rios do Bolsa Fam\u00edlia com NIS (N\u00famero de Identifica\u00e7\u00e3o Social) final 5. Tamb\u00e9m recebem hoje, pela poupan\u00e7a social da Caixa, 3,5 milh\u00f5es de benefici\u00e1rios nascidos em fevereiro.<img decoding=\"async\" src=\"https:\/\/agenciabrasil.ebc.com.br\/ebc.png?id=1312208&amp;o=node\" \/><img decoding=\"async\" src=\"https:\/\/agenciabrasil.ebc.com.br\/ebc.gif?id=1312208&amp;o=node\" \/><\/p>\n<p>O aux\u00edlio emergencial foi criado pelo governo federal para tentar reduzir os efeitos negativos na economia causados pelo novo coronav\u00edrus (covid-19). O benef\u00edcio \u00e9 destinado a trabalhadores informais, microempreendedores individuais (MEIs), aut\u00f4nomos, desempregados e fam\u00edlias integrantes do programa Bolsa Fam\u00edlia.<\/p>\n<p>O pagamento para os integrantes do Bolsa Fam\u00edlia segue o\u00a0calend\u00e1rio habitual do programa. J\u00e1 para os demais, o cr\u00e9dito na poupan\u00e7a social da Caixa e a libera\u00e7\u00e3o para saques e transfer\u00eancias foram organizados por ciclos, de acordo com o m\u00eas de nascimento do benefici\u00e1rio.<\/p>\n<p><strong>Bolsa Fam\u00edlia<\/strong><\/p>\n<p>O pagamento da quarta parcela para benefici\u00e1rios do Bolsa Fam\u00edlia come\u00e7ou na \u00faltima segunda-feira (20). Ao todo, 19,2 milh\u00f5es de brasileiros cadastrados no programa v\u00e3o receber o pagamento at\u00e9 31 de julho.<\/p>\n<p>A libera\u00e7\u00e3o dos recursos segue o calend\u00e1rio habitual do Bolsa Fam\u00edlia para todos os integrantes do programa, conforme o \u00faltimo n\u00famero do NIS de cada benefici\u00e1rio.<\/p>\n<p>Na segunda-feira (20), foi a vez dos benefici\u00e1rios com NIS final 1. Na ter\u00e7a-feira, receberam os de NIS final 2 e assim por diante, exceto final de semana, at\u00e9 o NIS final 0 no dia 31 deste m\u00eas.<\/p>\n<p><strong>Poupan\u00e7a social<\/strong><\/p>\n<p>A primeira parcela ser\u00e1 paga para aqueles que fizeram o cadastro entre os dias 17 de junho e 2 de junho. Para os nascidos em janeiro, o cr\u00e9dito na conta foi liberado no \u00faltimo dia 22.<\/p>\n<p>Hoje \u00e9 a vez dos nascidos em fevereiro. Quem nasceu em mar\u00e7o, recebe no dia 29 de julho; em abril, 31 de julho; em maio, 5 de agosto; em junho, 7 de agosto; em julho, 12 de agosto; em agosto, 14 de agosto; em setembro, 17 de agosto; em outubro, 19 de agosto; em novembro, 21 de agosto; e em dezembro, 26 de agosto. O saque em dinheiro ser\u00e1 entre os dias 25 de julho e 17 de setembro.<\/p>\n<p>Esse \u00e9 o primeiro ciclo de pagamentos que envolve outras parcelas. Tamb\u00e9m recebem hoje os benefici\u00e1rios nascidos em fevereiro que tenham recebido a primeira parcela em abril de 2020. Nesse caso, ser\u00e1 feito o cr\u00e9dito da quarta parcela.<\/p>\n<p>Os benefici\u00e1rios que tenham recebido a primeira parcela em maio de 2020 receber\u00e3o o cr\u00e9dito da terceira parcela em poupan\u00e7a social digital seguindo o mesmo cronograma.<\/p>\n<p>Esse cronograma tamb\u00e9m \u00e9 v\u00e1lido para os benefici\u00e1rios que receberam a primeira parcela em junho de 2020 ou at\u00e9 4 de julho de 2020. Nesse caso, ser\u00e1 feito o cr\u00e9dito da segunda parcela.<\/p>\n<p><strong>Fonte:\u00a0<\/strong>Ag\u00eancia Brasil<\/p>\n","protected":false},"excerpt":{"rendered":"<p>A Caixa Econ\u00f4mica Federal libera hoje (24) o pagamento do aux\u00edlio emergencial para 5,4 milh\u00f5es de benefici\u00e1rios. A parcela de R$ 600 ou de R$ 1,2 mil (m\u00e3es solteiras) ser\u00e1 paga a 1,9 milh\u00e3o de benefici\u00e1rios do Bolsa Fam\u00edlia com NIS (N\u00famero de Identifica\u00e7\u00e3o Social) final 5. Tamb\u00e9m recebem hoje, pela poupan\u00e7a social da Caixa, [&hellip;]<\/p>\n","protected":false},"author":96,"featured_media":165100,"comment_status":"closed","ping_status":"closed","sticky":false,"template":"","format":"standard","meta":{"footnotes":""},"categories":[436,261,439],"tags":[],"class_list":["post-165300","post","type-post","status-publish","format-standard","has-post-thumbnail","hentry","category-destaque-da-semana","category-economia","category-ultima-hora"],"_links":{"self":[{"href":"https:\/\/diarioregionaldigital.com.br\/index.php?rest_route=\/wp\/v2\/posts\/165300","targetHints":{"allow":["GET"]}}],"collection":[{"href":"https:\/\/diarioregionaldigital.com.br\/index.php?rest_route=\/wp\/v2\/posts"}],"about":[{"href":"https:\/\/diarioregionaldigital.com.br\/index.php?rest_route=\/wp\/v2\/types\/post"}],"author":[{"embeddable":true,"href":"https:\/\/diarioregionaldigital.com.br\/index.php?rest_route=\/wp\/v2\/users\/96"}],"replies":[{"embeddable":true,"href":"https:\/\/diarioregionaldigital.com.br\/index.php?rest_route=%2Fwp%2Fv2%2Fcomments&post=165300"}],"version-history":[{"count":0,"href":"https:\/\/diarioregionaldigital.com.br\/index.php?rest_route=\/wp\/v2\/posts\/165300\/revisions"}],"wp:featuredmedia":[{"embeddable":true,"href":"https:\/\/diarioregionaldigital.com.br\/index.php?rest_route=\/wp\/v2\/media\/165100"}],"wp:attachment":[{"href":"https:\/\/diarioregionaldigital.com.br\/index.php?rest_route=%2Fwp%2Fv2%2Fmedia&parent=165300"}],"wp:term":[{"taxonomy":"category","embeddable":true,"href":"https:\/\/diarioregionaldigital.com.br\/index.php?rest_route=%2Fwp%2Fv2%2Fcategories&post=165300"},{"taxonomy":"post_tag","embeddable":true,"href":"https:\/\/diarioregionaldigital.com.br\/index.php?rest_route=%2Fwp%2Fv2%2Ftags&post=165300"}],"curies":[{"name":"wp","href":"https:\/\/api.w.org\/{rel}","templated":true}]}}