{"id":165297,"date":"2020-07-24T13:40:00","date_gmt":"2020-07-24T16:40:00","guid":{"rendered":"https:\/\/diarioregionaldigital.com.br\/?p=165297"},"modified":"2020-07-24T13:40:00","modified_gmt":"2020-07-24T16:40:00","slug":"receita-libera-hoje-consulta-ao-3o-lote-de-restituicao-do-irpf","status":"publish","type":"post","link":"https:\/\/diarioregionaldigital.com.br\/?p=165297","title":{"rendered":"Receita libera hoje consulta ao 3\u00ba lote de restitui\u00e7\u00e3o do IRPF"},"content":{"rendered":"<p>A Receita Federal abriu nesta sexta-feira (24), a consulta ao terceiro lote de restitui\u00e7\u00e3o do Imposto de Renda da Pessoa F\u00edsica (IRPF) 2020. O cr\u00e9dito banc\u00e1rio para 3.985.007 contribuintes ser\u00e1 realizado na pr\u00f3xima sexta-feira (31), totalizando R$ 5,7 bilh\u00f5es.<img decoding=\"async\" src=\"https:\/\/agenciabrasil.ebc.com.br\/ebc.png?id=1312200&amp;o=node\" \/><img decoding=\"async\" src=\"https:\/\/agenciabrasil.ebc.com.br\/ebc.gif?id=1312200&amp;o=node\" \/><\/p>\n<p>Desse total, R$\u00a02.056.423.308,19\u00a0s\u00e3o para contribuintes que t\u00eam prioridade legal de recebimento: 88.420 contribuintes idosos acima de 80 anos, 646.111 contribuintes entre 60 e 79 anos, 47.170 contribuintes com alguma defici\u00eancia f\u00edsica ou mental ou doen\u00e7a grave e 346.793 contribuintes cuja maior fonte de renda seja o magist\u00e9rio.<\/p>\n<p>Foram contemplados ainda 2.856.513 contribuintes n\u00e3o priorit\u00e1rios que entregaram a declara\u00e7\u00e3o at\u00e9 o dia\u00a028 de mar\u00e7o.<\/p>\n<p>Para saber se teve a declara\u00e7\u00e3o liberada, o contribuinte dever\u00e1 acessar a\u00a0p\u00e1gina da\u00a0Receita Federal\u00a0na internet. Na consulta \u00e0 p\u00e1gina da Receita, no Portal e-CAC, \u00e9 poss\u00edvel acessar o servi\u00e7o Meu Imposto de Renda e ver se h\u00e1 inconsist\u00eancias de dados identificadas pelo processamento. Nesta hip\u00f3tese, o contribuinte pode avaliar as inconsist\u00eancias e fazer a autorregulariza\u00e7\u00e3o, mediante entrega de declara\u00e7\u00e3o retificadora.<\/p>\n<p>A Receita disponibiliza, ainda, aplicativo para\u00a0<em>tablets<\/em>\u00a0e\u00a0<em>smartphones<\/em>\u00a0que facilita consulta \u00e0s declara\u00e7\u00f5es do IRPF e \u00e0 situa\u00e7\u00e3o cadastral no CPF. Com ele \u00e9\u00a0poss\u00edvel consultar diretamente nas bases da Receita Federal informa\u00e7\u00f5es sobre libera\u00e7\u00e3o das restitui\u00e7\u00f5es do IRPF e a situa\u00e7\u00e3o cadastral de uma inscri\u00e7\u00e3o no CPF.<\/p>\n<p>A restitui\u00e7\u00e3o ficar\u00e1 dispon\u00edvel no banco durante um ano. Se o contribuinte n\u00e3o fizer o resgate nesse prazo, dever\u00e1 fazer requerimento por meio da internet, mediante o Formul\u00e1rio Eletr\u00f4nico \u2013 Pedido de Pagamento de Restitui\u00e7\u00e3o, ou diretamente no Portal e-CAC, no servi\u00e7o Meu Imposto de Renda.<\/p>\n<p>Caso o valor n\u00e3o seja creditado, o contribuinte poder\u00e1 contatar pessoalmente qualquer ag\u00eancia do Banco do Brasil\u00a0ou ligar para a Central de Atendimento por meio do telefone 4004-0001 (capitais),\u00a00800-729-0001\u00a0(demais localidades) e\u00a00800-729-0088\u00a0(telefone especial exclusivo para deficientes auditivos) para agendar o cr\u00e9dito em conta-corrente ou poupan\u00e7a, em nome do contribuinte, em qualquer banco.<\/p>\n<p><strong>Fonte:\u00a0<\/strong>Ag<\/p>\n","protected":false},"excerpt":{"rendered":"<p>A Receita Federal abriu nesta sexta-feira (24), a consulta ao terceiro lote de restitui\u00e7\u00e3o do Imposto de Renda da Pessoa F\u00edsica (IRPF) 2020. O cr\u00e9dito banc\u00e1rio para 3.985.007 contribuintes ser\u00e1 realizado na pr\u00f3xima sexta-feira (31), totalizando R$ 5,7 bilh\u00f5es. Desse total, R$\u00a02.056.423.308,19\u00a0s\u00e3o para contribuintes que t\u00eam prioridade legal de recebimento: 88.420 contribuintes idosos acima de [&hellip;]<\/p>\n","protected":false},"author":96,"featured_media":165298,"comment_status":"closed","ping_status":"closed","sticky":false,"template":"","format":"standard","meta":{"footnotes":""},"categories":[436,261,439],"tags":[],"class_list":["post-165297","post","type-post","status-publish","format-standard","has-post-thumbnail","hentry","category-destaque-da-semana","category-economia","category-ultima-hora"],"_links":{"self":[{"href":"https:\/\/diarioregionaldigital.com.br\/index.php?rest_route=\/wp\/v2\/posts\/165297","targetHints":{"allow":["GET"]}}],"collection":[{"href":"https:\/\/diarioregionaldigital.com.br\/index.php?rest_route=\/wp\/v2\/posts"}],"about":[{"href":"https:\/\/diarioregionaldigital.com.br\/index.php?rest_route=\/wp\/v2\/types\/post"}],"author":[{"embeddable":true,"href":"https:\/\/diarioregionaldigital.com.br\/index.php?rest_route=\/wp\/v2\/users\/96"}],"replies":[{"embeddable":true,"href":"https:\/\/diarioregionaldigital.com.br\/index.php?rest_route=%2Fwp%2Fv2%2Fcomments&post=165297"}],"version-history":[{"count":0,"href":"https:\/\/diarioregionaldigital.com.br\/index.php?rest_route=\/wp\/v2\/posts\/165297\/revisions"}],"wp:featuredmedia":[{"embeddable":true,"href":"https:\/\/diarioregionaldigital.com.br\/index.php?rest_route=\/wp\/v2\/media\/165298"}],"wp:attachment":[{"href":"https:\/\/diarioregionaldigital.com.br\/index.php?rest_route=%2Fwp%2Fv2%2Fmedia&parent=165297"}],"wp:term":[{"taxonomy":"category","embeddable":true,"href":"https:\/\/diarioregionaldigital.com.br\/index.php?rest_route=%2Fwp%2Fv2%2Fcategories&post=165297"},{"taxonomy":"post_tag","embeddable":true,"href":"https:\/\/diarioregionaldigital.com.br\/index.php?rest_route=%2Fwp%2Fv2%2Ftags&post=165297"}],"curies":[{"name":"wp","href":"https:\/\/api.w.org\/{rel}","templated":true}]}}