{"id":165294,"date":"2020-07-24T11:05:28","date_gmt":"2020-07-24T14:05:28","guid":{"rendered":"https:\/\/diarioregionaldigital.com.br\/?p=165294"},"modified":"2020-07-24T11:05:28","modified_gmt":"2020-07-24T14:05:28","slug":"estudo-mostra-que-maioria-dos-brasileiros-nao-pretende-frequentar-locais-de-aglomeracao-no-momento","status":"publish","type":"post","link":"https:\/\/diarioregionaldigital.com.br\/?p=165294","title":{"rendered":"Estudo mostra que maioria dos brasileiros n\u00e3o pretende frequentar locais de aglomera\u00e7\u00e3o no momento"},"content":{"rendered":"<p><span style=\"font-weight: 400;\">Muitos dos estados brasileiros j\u00e1 flexibilizaram as medidas de isolamento social, reabrindo com\u00e9rcio, bares, restaurantes e at\u00e9 locais de lazer como praias, parques e salas culturais. Entretanto, levantamento pr\u00e9vio do Instituto Brasileiro de Economia da Funda\u00e7\u00e3o Getulio Vargas (FGV IBRE), pela Sondagem do Consumidor, mostra que a velocidade da reabertura n\u00e3o deve ser a mesma do \u00edmpeto do brasileiro de frequentar locais com grande aglomera\u00e7\u00e3o: entre 54,5% e 80% declararam que n\u00e3o frequentariam em hip\u00f3tese alguma bares e restaurantes, cinemas e teatros e shopping centers, nem viajariam de f\u00e9rias.<\/span><\/p>\n<p><span style=\"font-weight: 400;\">\u201cGrande parte dos consumidores avalia que o ritmo de flexibiliza\u00e7\u00e3o est\u00e1 acima do que eles consideram apropriado. Enquanto uma vacina n\u00e3o estiver dispon\u00edvel, o medo de contamina\u00e7\u00e3o deve continuar provocando avers\u00e3o a locais de grande aglomera\u00e7\u00e3o na maioria das capitais pesquisadas. Al\u00e9m disso, o per\u00edodo de maior restri\u00e7\u00e3o fez com que muitos consumidores perdessem seus empregos ou tivessem redu\u00e7\u00e3o de sua renda. O medo do desemprego ou a demora para recuperar a renda m\u00e9dia da fam\u00edlia junto com um maior endividamento, mant\u00e9m consumidores cautelosos, fazendo com que o \u00edmpeto de compras de bens e servi\u00e7os permane\u00e7a em patamar ainda muito baixo\u201d, avaliou Viviane Seda, coordenadora da Sondagem do Consumidor do FGV IBRE.<\/span><\/p>\n<p><span style=\"font-weight: 400;\">Sobre ir a cinemas e teatros, 80% informaram que n\u00e3o iriam em hip\u00f3tese alguma e 17,2% declararam que iriam se fossem tomadas medidas de preven\u00e7\u00e3o adequadas. Com rela\u00e7\u00e3o a frequentar bares e restaurantes, a maioria (64%) tamb\u00e9m disse que n\u00e3o iria em hip\u00f3tese alguma, com 32,6% dos consumidores se dizendo preparados para frequentar com a ado\u00e7\u00e3o de medidas de preven\u00e7\u00e3o. N\u00fameros semelhantes \u00e0 pergunta sobre a disposi\u00e7\u00e3o de viajar de f\u00e9rias, de \u00f4nibus ou avi\u00e3o: 69,4% e 27,1%, respectivamente.<\/span><\/p>\n<p><span style=\"font-weight: 400;\">O resultado menos pessimista foi em rela\u00e7\u00e3o aos shoppings centers, locais em que 54,5% n\u00e3o frequentariam em nenhuma hip\u00f3tese, enquanto 40,9% iriam havendo medidas adequadas de preven\u00e7\u00e3o \u00e0 Covid-19.<\/span><\/p>\n<p><b>Cariocas consideram ritmo de reabertura acelerado. Paulistanos avaliam como normal<\/b><\/p>\n<p><span style=\"font-weight: 400;\">Ainda segundo o levantamento, o maior percentual dos cariocas (37,9%) considerou muito r\u00e1pido o ritmo de flexibiliza\u00e7\u00e3o das medidas de isolamento social. Outros 23,3% avaliaram o ritmo como r\u00e1pido, 23,8% como normal, 10,1% como lento e 4,9% como muito lento.<\/span><\/p>\n<p><span style=\"font-weight: 400;\">J\u00e1 os paulistanos, em sua maioria (31,7%), consideraram o retorno \u00e0s atividades em ritmo normal, 27,7% consideram o ritmo muito r\u00e1pido, seguido por 24,2% (r\u00e1pido), 11,8% (lento) e 4,8% (muito lento). Na m\u00e9dia nacional, 29,9% analisaram o ritmo como muito r\u00e1pido, quase o mesmo percentual de consumidores (27,8%) que avaliaram como normal.<\/span><\/p>\n<p><span style=\"font-weight: 400;\">A pesquisa consultou 1500 consumidores de sete capitais (Rio de Janeiro, S\u00e3o Paulo, Salvador, Belo Horizonte, Recife, Porto Alegre e Bras\u00edlia), entre os dias 2 e 16 de julho, de diferentes faixas de renda.<\/span><\/p>\n<p><strong>Fonte:<\/strong> FGV<\/p>\n","protected":false},"excerpt":{"rendered":"<p>Muitos dos estados brasileiros j\u00e1 flexibilizaram as medidas de isolamento social, reabrindo com\u00e9rcio, bares, restaurantes e at\u00e9 locais de lazer como praias, parques e salas culturais. Entretanto, levantamento pr\u00e9vio do Instituto Brasileiro de Economia da Funda\u00e7\u00e3o Getulio Vargas (FGV IBRE), pela Sondagem do Consumidor, mostra que a velocidade da reabertura n\u00e3o deve ser a mesma [&hellip;]<\/p>\n","protected":false},"author":96,"featured_media":165295,"comment_status":"closed","ping_status":"closed","sticky":false,"template":"","format":"standard","meta":{"footnotes":""},"categories":[436,261,439],"tags":[],"class_list":["post-165294","post","type-post","status-publish","format-standard","has-post-thumbnail","hentry","category-destaque-da-semana","category-economia","category-ultima-hora"],"_links":{"self":[{"href":"https:\/\/diarioregionaldigital.com.br\/index.php?rest_route=\/wp\/v2\/posts\/165294","targetHints":{"allow":["GET"]}}],"collection":[{"href":"https:\/\/diarioregionaldigital.com.br\/index.php?rest_route=\/wp\/v2\/posts"}],"about":[{"href":"https:\/\/diarioregionaldigital.com.br\/index.php?rest_route=\/wp\/v2\/types\/post"}],"author":[{"embeddable":true,"href":"https:\/\/diarioregionaldigital.com.br\/index.php?rest_route=\/wp\/v2\/users\/96"}],"replies":[{"embeddable":true,"href":"https:\/\/diarioregionaldigital.com.br\/index.php?rest_route=%2Fwp%2Fv2%2Fcomments&post=165294"}],"version-history":[{"count":0,"href":"https:\/\/diarioregionaldigital.com.br\/index.php?rest_route=\/wp\/v2\/posts\/165294\/revisions"}],"wp:featuredmedia":[{"embeddable":true,"href":"https:\/\/diarioregionaldigital.com.br\/index.php?rest_route=\/wp\/v2\/media\/165295"}],"wp:attachment":[{"href":"https:\/\/diarioregionaldigital.com.br\/index.php?rest_route=%2Fwp%2Fv2%2Fmedia&parent=165294"}],"wp:term":[{"taxonomy":"category","embeddable":true,"href":"https:\/\/diarioregionaldigital.com.br\/index.php?rest_route=%2Fwp%2Fv2%2Fcategories&post=165294"},{"taxonomy":"post_tag","embeddable":true,"href":"https:\/\/diarioregionaldigital.com.br\/index.php?rest_route=%2Fwp%2Fv2%2Ftags&post=165294"}],"curies":[{"name":"wp","href":"https:\/\/api.w.org\/{rel}","templated":true}]}}