{"id":165291,"date":"2020-07-24T10:57:56","date_gmt":"2020-07-24T13:57:56","guid":{"rendered":"https:\/\/diarioregionaldigital.com.br\/?p=165291"},"modified":"2020-07-24T10:57:56","modified_gmt":"2020-07-24T13:57:56","slug":"confianca-do-consumidor-cresce-77-pontos-em-julho-diz-fgv","status":"publish","type":"post","link":"https:\/\/diarioregionaldigital.com.br\/?p=165291","title":{"rendered":"Confian\u00e7a do Consumidor cresce 7,7 pontos em julho, diz FGV"},"content":{"rendered":"<p><span style=\"font-weight: 400;\">O \u00cdndice de Confian\u00e7a do Consumidor (ICC), da Funda\u00e7\u00e3o Getulio Vargas (FGV), subiu 7,7 pontos na passagem de junho para julho deste ano. Com essa, que foi a terceira alta consecutiva, o indicador chegou a 78,8 pontos, em uma escala de zero a 200 pontos. Ainda assim, o \u00edndice continua abaixo do patamar de fevereiro, ou seja, de antes da pandemia da covid-19.<\/span><\/p>\n<p><span style=\"font-weight: 400;\">A confian\u00e7a do consumidor com a situa\u00e7\u00e3o atual manteve-se praticamente est\u00e1vel de junho para julho, ao subir 0,4 ponto e passar para 71 pontos. J\u00e1 a expectativa em rela\u00e7\u00e3o aos pr\u00f3ximos meses avan\u00e7ou 12,3 pontos e passou para 85,1 pontos.<\/span><\/p>\n<p><span style=\"font-weight: 400;\">\u201cA confian\u00e7a dos consumidores manteve em julho a tend\u00eancia de recupera\u00e7\u00e3o, motivada principalmente pela melhora das expectativas em rela\u00e7\u00e3o \u00e0 economia. Mas, apesar de acreditar numa recupera\u00e7\u00e3o da economia no segundo semestre, o consumidor continua insatisfeito com a situa\u00e7\u00e3o presente e ainda n\u00e3o enxerga a melhora de suas finan\u00e7as pessoais no horizonte de seis meses. Sem prazo para terminar, a pandemia parece ter um efeito mais acentuado nos consumidores, que ainda se sentem amea\u00e7ados com desemprego e perda de renda nas empresas\u201d, afirma a pesquisadora da FGV Viviane Seda Bittencourt.<\/span><\/p>\n<p><strong>Fonte:<\/strong> Ag\u00eancia Brasil<\/p>\n","protected":false},"excerpt":{"rendered":"<p>O \u00cdndice de Confian\u00e7a do Consumidor (ICC), da Funda\u00e7\u00e3o Getulio Vargas (FGV), subiu 7,7 pontos na passagem de junho para julho deste ano. Com essa, que foi a terceira alta consecutiva, o indicador chegou a 78,8 pontos, em uma escala de zero a 200 pontos. Ainda assim, o \u00edndice continua abaixo do patamar de fevereiro, [&hellip;]<\/p>\n","protected":false},"author":96,"featured_media":165292,"comment_status":"closed","ping_status":"closed","sticky":false,"template":"","format":"standard","meta":{"footnotes":""},"categories":[436,261,439],"tags":[],"class_list":["post-165291","post","type-post","status-publish","format-standard","has-post-thumbnail","hentry","category-destaque-da-semana","category-economia","category-ultima-hora"],"_links":{"self":[{"href":"https:\/\/diarioregionaldigital.com.br\/index.php?rest_route=\/wp\/v2\/posts\/165291","targetHints":{"allow":["GET"]}}],"collection":[{"href":"https:\/\/diarioregionaldigital.com.br\/index.php?rest_route=\/wp\/v2\/posts"}],"about":[{"href":"https:\/\/diarioregionaldigital.com.br\/index.php?rest_route=\/wp\/v2\/types\/post"}],"author":[{"embeddable":true,"href":"https:\/\/diarioregionaldigital.com.br\/index.php?rest_route=\/wp\/v2\/users\/96"}],"replies":[{"embeddable":true,"href":"https:\/\/diarioregionaldigital.com.br\/index.php?rest_route=%2Fwp%2Fv2%2Fcomments&post=165291"}],"version-history":[{"count":0,"href":"https:\/\/diarioregionaldigital.com.br\/index.php?rest_route=\/wp\/v2\/posts\/165291\/revisions"}],"wp:featuredmedia":[{"embeddable":true,"href":"https:\/\/diarioregionaldigital.com.br\/index.php?rest_route=\/wp\/v2\/media\/165292"}],"wp:attachment":[{"href":"https:\/\/diarioregionaldigital.com.br\/index.php?rest_route=%2Fwp%2Fv2%2Fmedia&parent=165291"}],"wp:term":[{"taxonomy":"category","embeddable":true,"href":"https:\/\/diarioregionaldigital.com.br\/index.php?rest_route=%2Fwp%2Fv2%2Fcategories&post=165291"},{"taxonomy":"post_tag","embeddable":true,"href":"https:\/\/diarioregionaldigital.com.br\/index.php?rest_route=%2Fwp%2Fv2%2Ftags&post=165291"}],"curies":[{"name":"wp","href":"https:\/\/api.w.org\/{rel}","templated":true}]}}