{"id":165288,"date":"2020-07-24T10:46:37","date_gmt":"2020-07-24T13:46:37","guid":{"rendered":"https:\/\/diarioregionaldigital.com.br\/?p=165288"},"modified":"2020-07-24T10:46:37","modified_gmt":"2020-07-24T13:46:37","slug":"em-24h-minas-gerais-obteve-4-244-novos-casos-confirmados-por-coronavirus","status":"publish","type":"post","link":"https:\/\/diarioregionaldigital.com.br\/?p=165288","title":{"rendered":"Em 24h, Minas Gerais obteve 4.244 novos casos confirmados por Coronav\u00edrus"},"content":{"rendered":"<p>O\u00a0<a href=\"https:\/\/www.saude.mg.gov.br\/images\/Boletim_Epidemiologico_COVID-19_24.07.2020.pdf\">boletim epidemiol\u00f3gico<\/a> divulgado nesta sexta-feira (24) pela Secretaria de Estado da Sa\u00fade de Minas Gerais (SES-MG), aponta que o estado registrou mais 4.244 novos casos por Coronav\u00edrus, totalizando 106.812 Al\u00e9m disso, houve aumento de 2.238 para 2.315 mortes confirmadas. Os novos \u00f3bitos registrados no boletim atualizado foram confirmados em: Manhumirim (1), Erv\u00e1lia (1), Concei\u00e7\u00e3o das Alagoas (1), Iturama (1), Ub\u00e1 (2), Uberl\u00e2ndia (4), Atal\u00e9ia (1), Pot\u00e9 (1), Nanuque (1), Te\u00f3filo Otoni (1), Montes Claros (1), Araguari (3), Aguanil (1), Campo Belo (1), Cl\u00e1udio (1), Divin\u00f3polis (4), Lagoa da Prata (1), Leandro Ferreira (1), Par\u00e1 de Minas (1), Piracema (1), Perdig\u00e3o (1), Nova Serrana (1), Alfenas (1), Ipatinga (1), Tim\u00f3teo (2), Caratinga (1), Manhua\u00e7u (1), Manhumirim (1), Espera Feliz (1), Esmeraldas (1), Igarap\u00e9 (1), Pedro Leopoldo (1), Ribeir\u00e3o das Neves (8), Sabar\u00e1 (2), Santa Luzia (2), S\u00e3o Jos\u00e9 da Lapa (2), Vespasiano (2), Muria\u00e9 (1), Almenara (1), Rubim (1) e Belo Horizonte (15).<\/p>\n<p>Conforme o levantamento, 79.756 pacientes est\u00e3o recuperados da doen\u00e7a, representando 74,6% dos casos e 24.741 pacientes est\u00e3o sob acompanhamento m\u00e9dico. At\u00e9 ent\u00e3o foram feitos 65.534 testes laboratoriais, sendo que 15.063 deram positivo, 48.081 deram negativo e 1.320 est\u00e3o sob an\u00e1lise.<\/p>\n<p>Confira abaixo a tabela completa com os \u00f3bitos confirmados no estado:<\/p>\n<p><a href=\"https:\/\/diarioregionaldigital.com.br\/wp-content\/uploads\/2020\/07\/OBITOS_CONF_COVID-19_MG_24.07.2020.xls\">OBITOS_CONF_COVID-19_MG_24.07.2020<\/a><\/p>\n","protected":false},"excerpt":{"rendered":"<p>O\u00a0boletim epidemiol\u00f3gico divulgado nesta sexta-feira (24) pela Secretaria de Estado da Sa\u00fade de Minas Gerais (SES-MG), aponta que o estado registrou mais 4.244 novos casos por Coronav\u00edrus, totalizando 106.812 Al\u00e9m disso, houve aumento de 2.238 para 2.315 mortes confirmadas. Os novos \u00f3bitos registrados no boletim atualizado foram confirmados em: Manhumirim (1), Erv\u00e1lia (1), Concei\u00e7\u00e3o das [&hellip;]<\/p>\n","protected":false},"author":96,"featured_media":164472,"comment_status":"closed","ping_status":"closed","sticky":false,"template":"","format":"standard","meta":{"footnotes":""},"categories":[436,440,252,439],"tags":[],"class_list":["post-165288","post","type-post","status-publish","format-standard","has-post-thumbnail","hentry","category-destaque-da-semana","category-destaques-do-dia","category-regiao","category-ultima-hora"],"_links":{"self":[{"href":"https:\/\/diarioregionaldigital.com.br\/index.php?rest_route=\/wp\/v2\/posts\/165288","targetHints":{"allow":["GET"]}}],"collection":[{"href":"https:\/\/diarioregionaldigital.com.br\/index.php?rest_route=\/wp\/v2\/posts"}],"about":[{"href":"https:\/\/diarioregionaldigital.com.br\/index.php?rest_route=\/wp\/v2\/types\/post"}],"author":[{"embeddable":true,"href":"https:\/\/diarioregionaldigital.com.br\/index.php?rest_route=\/wp\/v2\/users\/96"}],"replies":[{"embeddable":true,"href":"https:\/\/diarioregionaldigital.com.br\/index.php?rest_route=%2Fwp%2Fv2%2Fcomments&post=165288"}],"version-history":[{"count":0,"href":"https:\/\/diarioregionaldigital.com.br\/index.php?rest_route=\/wp\/v2\/posts\/165288\/revisions"}],"wp:featuredmedia":[{"embeddable":true,"href":"https:\/\/diarioregionaldigital.com.br\/index.php?rest_route=\/wp\/v2\/media\/164472"}],"wp:attachment":[{"href":"https:\/\/diarioregionaldigital.com.br\/index.php?rest_route=%2Fwp%2Fv2%2Fmedia&parent=165288"}],"wp:term":[{"taxonomy":"category","embeddable":true,"href":"https:\/\/diarioregionaldigital.com.br\/index.php?rest_route=%2Fwp%2Fv2%2Fcategories&post=165288"},{"taxonomy":"post_tag","embeddable":true,"href":"https:\/\/diarioregionaldigital.com.br\/index.php?rest_route=%2Fwp%2Fv2%2Ftags&post=165288"}],"curies":[{"name":"wp","href":"https:\/\/api.w.org\/{rel}","templated":true}]}}