{"id":165285,"date":"2020-07-24T10:26:50","date_gmt":"2020-07-24T13:26:50","guid":{"rendered":"https:\/\/diarioregionaldigital.com.br\/?p=165285"},"modified":"2020-07-24T10:26:50","modified_gmt":"2020-07-24T13:26:50","slug":"anvisa-proibe-venda-sem-receita-de-cloroquina-e-ivermectina","status":"publish","type":"post","link":"https:\/\/diarioregionaldigital.com.br\/?p=165285","title":{"rendered":"Anvisa pro\u00edbe venda sem receita de cloroquina e ivermectina"},"content":{"rendered":"<p><span style=\"font-weight: 400;\">Regras que pro\u00edbem a venda sem receita em farm\u00e1cias de medicamentos como cloroquina, hidroxicloroquina, nitazoxanida e ivermectina foram publicadas pela Ag\u00eancia Nacional de Vigil\u00e2ncia Sanit\u00e1ria (Anvisa). As orienta\u00e7\u00f5es est\u00e3o na Resolu\u00e7\u00e3o da Diretoria Colegiada (RDC) 405\/2020, publicada ontem no <\/span><i><span style=\"font-weight: 400;\">Di\u00e1rio Oficial da Uni\u00e3o<\/span><\/i><span style=\"font-weight: 400;\"> . De acordo com a ag\u00eancia, a lista poder\u00e1 ser revista a qualquer momento para a inclus\u00e3o de novos medicamentos, caso seja necess\u00e1rio.<\/span><\/p>\n<p><span style=\"font-weight: 400;\">Ainda segundo a Anvisa, o objetivo da norma \u00e9 impedir a compra indiscriminada de medicamentos que t\u00eam sido amplamente divulgados como potencialmente ben\u00e9ficos no combate \u00e0 infec\u00e7\u00e3o pelo novo coronav\u00edrus, embora ainda n\u00e3o existam estudos conclusivos sobre o uso desses f\u00e1rmacos para o tratamento da doen\u00e7a.\u00a0 A medida visa tamb\u00e9m manter os estoques destinados aos pacientes que j\u00e1 t\u00eam indica\u00e7\u00e3o m\u00e9dica para uso desses produtos, uma vez que os medicamentos que constam na resolu\u00e7\u00e3o tamb\u00e9m s\u00e3o usados no tratamento de outras doen\u00e7as, como a mal\u00e1ria (cloroquina e hidroxicloroquina); artrite reumatoide, l\u00fapus e outras (hidroxicloroquina); doen\u00e7as parasit\u00e1rias (nitazoxanida) e tratamento de infec\u00e7\u00f5es parasit\u00e1rias (ivermectina).\u00a0<\/span><\/p>\n<p><b>Compra<\/b><\/p>\n<p><span style=\"font-weight: 400;\">A compra desses produtos em farm\u00e1cias e drogarias ser\u00e1 permitida apenas mediante apresenta\u00e7\u00e3o da receita m\u00e9dica em duas vias. Cada receita ter\u00e1 validade de 30 dias, a partir da data de emiss\u00e3o, e poder\u00e1 ser utilizada somente uma vez. A resolu\u00e7\u00e3o ser\u00e1 revogada automaticamente a partir do reconhecimento, pelo Minist\u00e9rio da Sa\u00fade, de que n\u00e3o mais se configura a situa\u00e7\u00e3o de Emerg\u00eancia em Sa\u00fade P\u00fablica de Import\u00e2ncia Nacional.<\/span><\/p>\n<p><b>Farm\u00e1cias e drogarias<\/b><\/p>\n<p><span style=\"font-weight: 400;\">Conforme previsto na resolu\u00e7\u00e3o, todos os medicamentos que contenham as subst\u00e2ncias listadas na norma est\u00e3o sujeitos aos procedimentos de escritura\u00e7\u00e3o no Sistema Nacional de Gerenciamento de Produtos Controlados (SNGPC). A escritura\u00e7\u00e3o dos medicamentos \u00e0 base de hidroxicloroquina, cloroquina e nitazoxanida j\u00e1 era obrigat\u00f3ria desde a inclus\u00e3o dessas subst\u00e2ncias nas listas de controle da Portaria 344\/1998. Para os medicamentos \u00e0 base de ivermectina, a entrada de medicamentos j\u00e1 existentes em estoque nas farm\u00e1cias e drogarias antes da resolu\u00e7\u00e3o n\u00e3o necessita ser transmitida ao SNGPC.<\/span><\/p>\n<p><strong>Fonte:<\/strong> Ag\u00eancia Brasil<\/p>\n","protected":false},"excerpt":{"rendered":"<p>Regras que pro\u00edbem a venda sem receita em farm\u00e1cias de medicamentos como cloroquina, hidroxicloroquina, nitazoxanida e ivermectina foram publicadas pela Ag\u00eancia Nacional de Vigil\u00e2ncia Sanit\u00e1ria (Anvisa). As orienta\u00e7\u00f5es est\u00e3o na Resolu\u00e7\u00e3o da Diretoria Colegiada (RDC) 405\/2020, publicada ontem no Di\u00e1rio Oficial da Uni\u00e3o . De acordo com a ag\u00eancia, a lista poder\u00e1 ser revista a [&hellip;]<\/p>\n","protected":false},"author":96,"featured_media":165286,"comment_status":"closed","ping_status":"closed","sticky":false,"template":"","format":"standard","meta":{"footnotes":""},"categories":[436,440,254,439],"tags":[],"class_list":["post-165285","post","type-post","status-publish","format-standard","has-post-thumbnail","hentry","category-destaque-da-semana","category-destaques-do-dia","category-politica","category-ultima-hora"],"_links":{"self":[{"href":"https:\/\/diarioregionaldigital.com.br\/index.php?rest_route=\/wp\/v2\/posts\/165285","targetHints":{"allow":["GET"]}}],"collection":[{"href":"https:\/\/diarioregionaldigital.com.br\/index.php?rest_route=\/wp\/v2\/posts"}],"about":[{"href":"https:\/\/diarioregionaldigital.com.br\/index.php?rest_route=\/wp\/v2\/types\/post"}],"author":[{"embeddable":true,"href":"https:\/\/diarioregionaldigital.com.br\/index.php?rest_route=\/wp\/v2\/users\/96"}],"replies":[{"embeddable":true,"href":"https:\/\/diarioregionaldigital.com.br\/index.php?rest_route=%2Fwp%2Fv2%2Fcomments&post=165285"}],"version-history":[{"count":0,"href":"https:\/\/diarioregionaldigital.com.br\/index.php?rest_route=\/wp\/v2\/posts\/165285\/revisions"}],"wp:featuredmedia":[{"embeddable":true,"href":"https:\/\/diarioregionaldigital.com.br\/index.php?rest_route=\/wp\/v2\/media\/165286"}],"wp:attachment":[{"href":"https:\/\/diarioregionaldigital.com.br\/index.php?rest_route=%2Fwp%2Fv2%2Fmedia&parent=165285"}],"wp:term":[{"taxonomy":"category","embeddable":true,"href":"https:\/\/diarioregionaldigital.com.br\/index.php?rest_route=%2Fwp%2Fv2%2Fcategories&post=165285"},{"taxonomy":"post_tag","embeddable":true,"href":"https:\/\/diarioregionaldigital.com.br\/index.php?rest_route=%2Fwp%2Fv2%2Ftags&post=165285"}],"curies":[{"name":"wp","href":"https:\/\/api.w.org\/{rel}","templated":true}]}}