{"id":165276,"date":"2020-07-24T06:00:13","date_gmt":"2020-07-24T09:00:13","guid":{"rendered":"https:\/\/diarioregionaldigital.com.br\/?p=165276"},"modified":"2020-07-23T22:51:22","modified_gmt":"2020-07-24T01:51:22","slug":"para-refletir-3","status":"publish","type":"post","link":"https:\/\/diarioregionaldigital.com.br\/?p=165276","title":{"rendered":"Para Refletir"},"content":{"rendered":"<p style=\"text-align: center;\"><strong>Comida Boa<\/strong><\/p>\n<p style=\"text-align: center;\">Craque nas panelas, ca\u00e7arolas e tempero refinado a chef Ana Paula Esteves est\u00e1 atendendo em Juiz de Fora. No esquema de delivery, com card\u00e1pio de seu restaurante Oliva Bistr\u00f4 (Ibitipoca) ela serve magistralmente comida de regenera\u00e7\u00e3o, al\u00e9m de presuntos crus brasileiros, queijos artesanais maturados na regi\u00e3o de Alagoa e derivados de cordeiro.<\/p>\n<p style=\"text-align: center;\"><strong>Pandemia<\/strong><\/p>\n<p style=\"text-align: center;\">Voc\u00ea sabia? Na quarentena o plano B ganha for\u00e7a e vira definitivo. Os desempregados ou isolados, os profissionais s\u00e3o obrigados a reinventar a carreira e j\u00e1 n\u00e3o querem mais voltar \u00e1s antigas atividades. A palavra reinventar virou clich\u00ea de t\u00e3o repetida nos \u00faltimos meses. Tem gente graduada lan\u00e7ando kits de caf\u00e9 da manh\u00e3, estilistas produzindo m\u00e1scaras e empres\u00e1rios vendendo marmitas e bolos. Os sal\u00e1rios n\u00e3o chegam aos anteriores \u00e0 crise, mas para eles a longo prazo possa at\u00e9 superar.<\/p>\n<p style=\"text-align: center;\"><span style=\"font-size: 14pt;\"><strong>Para Refletir<\/strong><\/span><\/p>\n<p style=\"text-align: center;\">Diante da pandemia descobrimos que sabemos que somos cheios de falhas e limita\u00e7\u00f5es e que n\u00e3o adianta fingir n\u00e3o v\u00ea-las \u2013 o melhor \u00e9 reconhece-las e aprender a aceita-las. Uma incerteza, uma que paramos de fugir e come\u00e7amos a confrontar as verdades mais dolorosas, nos abrimos para encontrar coragem, perseveran\u00e7a e entusiasmo.<\/p>\n<div id=\"attachment_165257\" style=\"width: 690px\" class=\"wp-caption aligncenter\"><img loading=\"lazy\" decoding=\"async\" aria-describedby=\"caption-attachment-165257\" class=\"wp-image-165257\" src=\"https:\/\/diarioregionaldigital.com.br\/wp-content\/uploads\/2020\/07\/fotoa-13-e1595553618671.jpg\" alt=\"\" width=\"680\" height=\"573\" srcset=\"https:\/\/diarioregionaldigital.com.br\/wp-content\/uploads\/2020\/07\/fotoa-13-e1595553618671.jpg 953w, https:\/\/diarioregionaldigital.com.br\/wp-content\/uploads\/2020\/07\/fotoa-13-e1595553618671-300x253.jpg 300w, https:\/\/diarioregionaldigital.com.br\/wp-content\/uploads\/2020\/07\/fotoa-13-e1595553618671-768x647.jpg 768w, https:\/\/diarioregionaldigital.com.br\/wp-content\/uploads\/2020\/07\/fotoa-13-e1595553618671-360x303.jpg 360w\" sizes=\"auto, (max-width: 680px) 100vw, 680px\" \/><p id=\"caption-attachment-165257\" class=\"wp-caption-text\">A diva Sandra Portella \u00e9 atra\u00e7\u00e3o no s\u00e1bado (25) \u00e0s 17h, com a live Totalmente com Toninho Geraes e Chacrinha do Acordeon<\/p><\/div>\n<div id=\"attachment_165258\" style=\"width: 690px\" class=\"wp-caption aligncenter\"><img loading=\"lazy\" decoding=\"async\" aria-describedby=\"caption-attachment-165258\" class=\"wp-image-165258\" src=\"https:\/\/diarioregionaldigital.com.br\/wp-content\/uploads\/2020\/07\/fotoaa-8-e1595553667578.jpeg\" alt=\"\" width=\"680\" height=\"478\" srcset=\"https:\/\/diarioregionaldigital.com.br\/wp-content\/uploads\/2020\/07\/fotoaa-8-e1595553667578.jpeg 939w, https:\/\/diarioregionaldigital.com.br\/wp-content\/uploads\/2020\/07\/fotoaa-8-e1595553667578-300x210.jpeg 300w, https:\/\/diarioregionaldigital.com.br\/wp-content\/uploads\/2020\/07\/fotoaa-8-e1595553667578-768x540.jpeg 768w, https:\/\/diarioregionaldigital.com.br\/wp-content\/uploads\/2020\/07\/fotoaa-8-e1595553667578-360x253.jpeg 360w, https:\/\/diarioregionaldigital.com.br\/wp-content\/uploads\/2020\/07\/fotoaa-8-e1595553667578-100x70.jpeg 100w\" sizes=\"auto, (max-width: 680px) 100vw, 680px\" \/><p id=\"caption-attachment-165258\" class=\"wp-caption-text\">A bondosa Doralice Oliveira festeja anivers\u00e1rio no fim de semana e posou no Trade Hotel com Rose Oliveira e Eduardo Gomes<\/p><\/div>\n<div id=\"attachment_165259\" style=\"width: 690px\" class=\"wp-caption aligncenter\"><img loading=\"lazy\" decoding=\"async\" aria-describedby=\"caption-attachment-165259\" class=\"wp-image-165259\" src=\"https:\/\/diarioregionaldigital.com.br\/wp-content\/uploads\/2020\/07\/fotob-15-e1595553697511.jpg\" alt=\"\" width=\"680\" height=\"506\" srcset=\"https:\/\/diarioregionaldigital.com.br\/wp-content\/uploads\/2020\/07\/fotob-15-e1595553697511.jpg 1528w, https:\/\/diarioregionaldigital.com.br\/wp-content\/uploads\/2020\/07\/fotob-15-e1595553697511-300x223.jpg 300w, https:\/\/diarioregionaldigital.com.br\/wp-content\/uploads\/2020\/07\/fotob-15-e1595553697511-1024x763.jpg 1024w, https:\/\/diarioregionaldigital.com.br\/wp-content\/uploads\/2020\/07\/fotob-15-e1595553697511-768x572.jpg 768w, https:\/\/diarioregionaldigital.com.br\/wp-content\/uploads\/2020\/07\/fotob-15-e1595553697511-360x268.jpg 360w\" sizes=\"auto, (max-width: 680px) 100vw, 680px\" \/><p id=\"caption-attachment-165259\" class=\"wp-caption-text\">Brilhando na terra carioca, a atriz e empres\u00e1ria juiz forana Ana Tereza Wellerson<\/p><\/div>\n<div id=\"attachment_165260\" style=\"width: 690px\" class=\"wp-caption aligncenter\"><img loading=\"lazy\" decoding=\"async\" aria-describedby=\"caption-attachment-165260\" class=\"wp-image-165260\" src=\"https:\/\/diarioregionaldigital.com.br\/wp-content\/uploads\/2020\/07\/fotoc-12-e1595553792470.jpg\" alt=\"\" width=\"680\" height=\"482\" srcset=\"https:\/\/diarioregionaldigital.com.br\/wp-content\/uploads\/2020\/07\/fotoc-12-e1595553792470.jpg 1276w, https:\/\/diarioregionaldigital.com.br\/wp-content\/uploads\/2020\/07\/fotoc-12-e1595553792470-300x213.jpg 300w, https:\/\/diarioregionaldigital.com.br\/wp-content\/uploads\/2020\/07\/fotoc-12-e1595553792470-1024x726.jpg 1024w, https:\/\/diarioregionaldigital.com.br\/wp-content\/uploads\/2020\/07\/fotoc-12-e1595553792470-768x545.jpg 768w, https:\/\/diarioregionaldigital.com.br\/wp-content\/uploads\/2020\/07\/fotoc-12-e1595553792470-750x530.jpg 750w, https:\/\/diarioregionaldigital.com.br\/wp-content\/uploads\/2020\/07\/fotoc-12-e1595553792470-360x255.jpg 360w, https:\/\/diarioregionaldigital.com.br\/wp-content\/uploads\/2020\/07\/fotoc-12-e1595553792470-100x70.jpg 100w\" sizes=\"auto, (max-width: 680px) 100vw, 680px\" \/><p id=\"caption-attachment-165260\" class=\"wp-caption-text\">Sintetizando o hoje para sempre, o gat\u00e3o Joaquim Ramalho<\/p><\/div>\n<div id=\"attachment_165261\" style=\"width: 690px\" class=\"wp-caption aligncenter\"><img loading=\"lazy\" decoding=\"async\" aria-describedby=\"caption-attachment-165261\" class=\"wp-image-165261\" src=\"https:\/\/diarioregionaldigital.com.br\/wp-content\/uploads\/2020\/07\/fotod-14-e1595554025384.jpg\" alt=\"\" width=\"680\" height=\"495\" srcset=\"https:\/\/diarioregionaldigital.com.br\/wp-content\/uploads\/2020\/07\/fotod-14-e1595554025384.jpg 957w, https:\/\/diarioregionaldigital.com.br\/wp-content\/uploads\/2020\/07\/fotod-14-e1595554025384-300x218.jpg 300w, https:\/\/diarioregionaldigital.com.br\/wp-content\/uploads\/2020\/07\/fotod-14-e1595554025384-768x559.jpg 768w, https:\/\/diarioregionaldigital.com.br\/wp-content\/uploads\/2020\/07\/fotod-14-e1595554025384-360x262.jpg 360w\" sizes=\"auto, (max-width: 680px) 100vw, 680px\" \/><p id=\"caption-attachment-165261\" class=\"wp-caption-text\">Gente de nossa melhor sociedade antes da Pandemia, no Terrazzo: Delba Duarte Neto, Luciane Ribeiro, Erika Duarte Neto Miana e Alex Martins<\/p><\/div>\n<div id=\"attachment_165262\" style=\"width: 690px\" class=\"wp-caption aligncenter\"><img loading=\"lazy\" decoding=\"async\" aria-describedby=\"caption-attachment-165262\" class=\"wp-image-165262\" src=\"https:\/\/diarioregionaldigital.com.br\/wp-content\/uploads\/2020\/07\/fotoe-13-e1595554052505.jpg\" alt=\"\" width=\"680\" height=\"505\" srcset=\"https:\/\/diarioregionaldigital.com.br\/wp-content\/uploads\/2020\/07\/fotoe-13-e1595554052505.jpg 641w, https:\/\/diarioregionaldigital.com.br\/wp-content\/uploads\/2020\/07\/fotoe-13-e1595554052505-300x223.jpg 300w, https:\/\/diarioregionaldigital.com.br\/wp-content\/uploads\/2020\/07\/fotoe-13-e1595554052505-360x267.jpg 360w\" sizes=\"auto, (max-width: 680px) 100vw, 680px\" \/><p id=\"caption-attachment-165262\" class=\"wp-caption-text\">Mulheres chiques no Alameda: Denise Weslling e Paula Cabral<\/p><\/div>\n<div id=\"attachment_165263\" style=\"width: 690px\" class=\"wp-caption aligncenter\"><img loading=\"lazy\" decoding=\"async\" aria-describedby=\"caption-attachment-165263\" class=\"wp-image-165263\" src=\"https:\/\/diarioregionaldigital.com.br\/wp-content\/uploads\/2020\/07\/fotof-14-e1595554815524.jpg\" alt=\"\" width=\"680\" height=\"518\" srcset=\"https:\/\/diarioregionaldigital.com.br\/wp-content\/uploads\/2020\/07\/fotof-14-e1595554815524.jpg 1077w, https:\/\/diarioregionaldigital.com.br\/wp-content\/uploads\/2020\/07\/fotof-14-e1595554815524-300x228.jpg 300w, https:\/\/diarioregionaldigital.com.br\/wp-content\/uploads\/2020\/07\/fotof-14-e1595554815524-1024x780.jpg 1024w, https:\/\/diarioregionaldigital.com.br\/wp-content\/uploads\/2020\/07\/fotof-14-e1595554815524-768x585.jpg 768w, https:\/\/diarioregionaldigital.com.br\/wp-content\/uploads\/2020\/07\/fotof-14-e1595554815524-360x274.jpg 360w\" sizes=\"auto, (max-width: 680px) 100vw, 680px\" \/><p id=\"caption-attachment-165263\" class=\"wp-caption-text\">Antes da pandemia no Rio, Celso Noronha e Cristiano Costa<\/p><\/div>\n<div id=\"attachment_165264\" style=\"width: 690px\" class=\"wp-caption aligncenter\"><img loading=\"lazy\" decoding=\"async\" aria-describedby=\"caption-attachment-165264\" class=\"wp-image-165264\" src=\"https:\/\/diarioregionaldigital.com.br\/wp-content\/uploads\/2020\/07\/fotog-13-e1595554846522.jpg\" alt=\"\" width=\"680\" height=\"538\" srcset=\"https:\/\/diarioregionaldigital.com.br\/wp-content\/uploads\/2020\/07\/fotog-13-e1595554846522.jpg 722w, https:\/\/diarioregionaldigital.com.br\/wp-content\/uploads\/2020\/07\/fotog-13-e1595554846522-300x237.jpg 300w, https:\/\/diarioregionaldigital.com.br\/wp-content\/uploads\/2020\/07\/fotog-13-e1595554846522-360x285.jpg 360w\" sizes=\"auto, (max-width: 680px) 100vw, 680px\" \/><p id=\"caption-attachment-165264\" class=\"wp-caption-text\">Juntos e misturados no isolamento social Bernardo Pedrosa e Franciane Bastos Reis<\/p><\/div>\n<div id=\"attachment_165265\" style=\"width: 690px\" class=\"wp-caption aligncenter\"><img loading=\"lazy\" decoding=\"async\" aria-describedby=\"caption-attachment-165265\" class=\"wp-image-165265\" src=\"https:\/\/diarioregionaldigital.com.br\/wp-content\/uploads\/2020\/07\/fotoh-15-e1595554878900.jpg\" alt=\"\" width=\"680\" height=\"509\" srcset=\"https:\/\/diarioregionaldigital.com.br\/wp-content\/uploads\/2020\/07\/fotoh-15-e1595554878900.jpg 630w, https:\/\/diarioregionaldigital.com.br\/wp-content\/uploads\/2020\/07\/fotoh-15-e1595554878900-300x225.jpg 300w, https:\/\/diarioregionaldigital.com.br\/wp-content\/uploads\/2020\/07\/fotoh-15-e1595554878900-360x270.jpg 360w\" sizes=\"auto, (max-width: 680px) 100vw, 680px\" \/><p id=\"caption-attachment-165265\" class=\"wp-caption-text\">O charme do advogado Roberto Nunes com a moda inverno<\/p><\/div>\n<p style=\"text-align: center;\"><strong>FOTOSS\u00cdNTESE<\/strong><\/p>\n<p>Com convite estrelado a Front e a KB Produ\u00e7\u00f5es, estreia sexta feira (24) as 19hs o Park Sessions Drive In no Park Sul, com cinema, shows e apresenta\u00e7\u00f5es. Para assistir de dentro do carro.<\/p>\n<p>Correio elegante: abra\u00e7os apertados para Eveline Toledo, Arthur Magalh\u00e3es, Marcelo Brigatto, PityVidon Garson, Denise Resende, Lola Yasbeck, K\u00e1tia Lopes Pinto, Lena Cruz, Kiko Halfeld, Frederic Vianna Whitaker e Ramon Wagner.<\/p>\n<p>Em clima juntos somos mais fortes, o Movimento Equipes de Nossa Senhora, em parceria com a M\u00e3o Amiga, est\u00e1 arrecadando alimento para fam\u00edlias em situa\u00e7\u00e3o de vulnerabilidade social.<\/p>\n<p>A elegante Priscilla Monforte aproveitou o isolamento social e inaugurou sua varanda gourmet no Quintas da Avenida. Somente ela e o marido m\u00e9dico Otto Monforte.<br \/>\nDo Rio de Janeiro chega convite estrelado para o noivado de Jeycon Ferraz e J\u00f4 Oliveira. Quando setembro vier.<\/p>\n<p>Com gesto solid\u00e1rio, o Movimento dos Trabalhadores Sem Terra (MST) realizou uma doa\u00e7\u00e3o de meia tonelada de alimentos para a comunidade do Bairro Vitoriano Braga. A a\u00e7\u00e3o foi organizada pela Frente Brasil Popular, Periferia Viva e Centro de Refer\u00eancia de Direitos Humanos.<\/p>\n<p>Em recente pesquisa eleitoral quando pessoas s\u00e3o chamadas a opinar, 37,8% disseram n\u00e3o rejeitar nenhum dos candidatos a prefeito de Juiz de Fora. Isto indica que a campanha ainda n\u00e3o chegou as ruas por conta da Covid-19.<\/p>\n<p>Listas Negras: Os tempos atuais nos d\u00e3o sinais de que devemos entender de uma vez por todas, que educa\u00e7\u00e3o antirracista n\u00e3o \u00e9 fazer favor para os negros. Bom Dia.<\/p>\n<p><img loading=\"lazy\" decoding=\"async\" class=\"aligncenter size-full wp-image-165277\" src=\"https:\/\/diarioregionaldigital.com.br\/wp-content\/uploads\/2020\/07\/anuncio67-scaled.jpg\" alt=\"\" width=\"2560\" height=\"981\" srcset=\"https:\/\/diarioregionaldigital.com.br\/wp-content\/uploads\/2020\/07\/anuncio67-scaled.jpg 2560w, https:\/\/diarioregionaldigital.com.br\/wp-content\/uploads\/2020\/07\/anuncio67-300x115.jpg 300w, https:\/\/diarioregionaldigital.com.br\/wp-content\/uploads\/2020\/07\/anuncio67-1024x392.jpg 1024w, https:\/\/diarioregionaldigital.com.br\/wp-content\/uploads\/2020\/07\/anuncio67-768x294.jpg 768w, https:\/\/diarioregionaldigital.com.br\/wp-content\/uploads\/2020\/07\/anuncio67-1536x588.jpg 1536w, https:\/\/diarioregionaldigital.com.br\/wp-content\/uploads\/2020\/07\/anuncio67-2048x785.jpg 2048w, https:\/\/diarioregionaldigital.com.br\/wp-content\/uploads\/2020\/07\/anuncio67-360x138.jpg 360w\" sizes=\"auto, (max-width: 2560px) 100vw, 2560px\" \/><\/p>\n","protected":false},"excerpt":{"rendered":"<p>Comida Boa Craque nas panelas, ca\u00e7arolas e tempero refinado a chef Ana Paula Esteves est\u00e1 atendendo em Juiz de Fora. No esquema de delivery, com card\u00e1pio de seu restaurante Oliva Bistr\u00f4 (Ibitipoca) ela serve magistralmente comida de regenera\u00e7\u00e3o, al\u00e9m de presuntos crus brasileiros, queijos artesanais maturados na regi\u00e3o de Alagoa e derivados de cordeiro. Pandemia [&hellip;]<\/p>\n","protected":false},"author":96,"featured_media":165257,"comment_status":"closed","ping_status":"closed","sticky":false,"template":"","format":"standard","meta":{"footnotes":""},"categories":[264],"tags":[],"class_list":["post-165276","post","type-post","status-publish","format-standard","has-post-thumbnail","hentry","category-eduardo-gomes"],"_links":{"self":[{"href":"https:\/\/diarioregionaldigital.com.br\/index.php?rest_route=\/wp\/v2\/posts\/165276","targetHints":{"allow":["GET"]}}],"collection":[{"href":"https:\/\/diarioregionaldigital.com.br\/index.php?rest_route=\/wp\/v2\/posts"}],"about":[{"href":"https:\/\/diarioregionaldigital.com.br\/index.php?rest_route=\/wp\/v2\/types\/post"}],"author":[{"embeddable":true,"href":"https:\/\/diarioregionaldigital.com.br\/index.php?rest_route=\/wp\/v2\/users\/96"}],"replies":[{"embeddable":true,"href":"https:\/\/diarioregionaldigital.com.br\/index.php?rest_route=%2Fwp%2Fv2%2Fcomments&post=165276"}],"version-history":[{"count":0,"href":"https:\/\/diarioregionaldigital.com.br\/index.php?rest_route=\/wp\/v2\/posts\/165276\/revisions"}],"wp:featuredmedia":[{"embeddable":true,"href":"https:\/\/diarioregionaldigital.com.br\/index.php?rest_route=\/wp\/v2\/media\/165257"}],"wp:attachment":[{"href":"https:\/\/diarioregionaldigital.com.br\/index.php?rest_route=%2Fwp%2Fv2%2Fmedia&parent=165276"}],"wp:term":[{"taxonomy":"category","embeddable":true,"href":"https:\/\/diarioregionaldigital.com.br\/index.php?rest_route=%2Fwp%2Fv2%2Fcategories&post=165276"},{"taxonomy":"post_tag","embeddable":true,"href":"https:\/\/diarioregionaldigital.com.br\/index.php?rest_route=%2Fwp%2Fv2%2Ftags&post=165276"}],"curies":[{"name":"wp","href":"https:\/\/api.w.org\/{rel}","templated":true}]}}