{"id":165274,"date":"2020-07-23T20:58:32","date_gmt":"2020-07-23T23:58:32","guid":{"rendered":"https:\/\/diarioregionaldigital.com.br\/?p=165274"},"modified":"2020-07-23T20:58:32","modified_gmt":"2020-07-23T23:58:32","slug":"secretaria-de-saude-busca-ampliacao-da-testagem-para-covid-19-no-estado","status":"publish","type":"post","link":"https:\/\/diarioregionaldigital.com.br\/?p=165274","title":{"rendered":"Secretaria de Sa\u00fade busca amplia\u00e7\u00e3o da testagem para covid-19 no estado"},"content":{"rendered":"<p>Em Minas Gerais, at\u00e9 o momento, foram realizados 60.241 exames para o diagn\u00f3stico da covid-19 pelo Sistema \u00danico de Sa\u00fade (SUS). Sobre a testagem para covid-19 e o mercado produtor de insumos para esses testes, o secret\u00e1rio de Estado de\u00a0Sa\u00fade\u00a0de Minas Gerais, Carlos Eduardo Amaral, explicou na coletiva virtual desta quinta-feira (23\/7) que \u00e9 poss\u00edvel perceber uma mudan\u00e7a no atual cen\u00e1rio.<\/p>\n<p>\u201cAntes, n\u00f3s t\u00ednhamos uma situa\u00e7\u00e3o de desabastecimento, com uma limita\u00e7\u00e3o internacional de testes. Isso refletia tamb\u00e9m no Brasil e gerava a necessidade de direcionar os testes para os estados que sofriam maior acometimento pela covid-19 e enfrentavam dificuldades no controle da doen\u00e7a\u201d, detalha.<\/p>\n<p>Neste momento, no entanto, segundo Amaral,\u00a0tanto a Secretaria de Estado de Sa\u00fade (SES-MG), quanto o Minist\u00e9rio da Sa\u00fade (MS) realizam processo de compra de testes e a expectativa \u00e9 de que,\u00a0em breve, seja poss\u00edvel ampliar a testagem no estado.<\/p>\n<p>\u201cNosso planejamento sempre foi ampliar a testagem num momento de acompanhamento da epidemia. Isso porque identificamos que n\u00e3o ser\u00e1 simplesmente uma queda da epidemia. N\u00f3s conviveremos com o v\u00edrus um tempo longo e isso demanda que o estado mantenha capacidade e estruturas adequadas por um longo per\u00edodo\u201d, afirma o secret\u00e1rio.<\/p>\n<p>Atualmente, a rede p\u00fablica segue um padr\u00e3o de indica\u00e7\u00e3o dos exames para grupos como, por exemplo, os profissionais da sa\u00fade e da seguran\u00e7a p\u00fablica em atividade, sejam da assist\u00eancia ou da gest\u00e3o, e tamb\u00e9m para\u00a0pessoas que residam no mesmo domic\u00edlio de um profissional da sa\u00fade e da seguran\u00e7a p\u00fablica em atividade. S\u00e3o consideradas, ainda, pessoas com idade igual ou superior a 60 anos.<\/p>\n<p><strong>Atualiza\u00e7\u00e3o<\/strong><\/p>\n<p>Al\u00e9m da amplia\u00e7\u00e3o da testagem, os munic\u00edpios mineiros se preparam para mudan\u00e7as no plano\u00a0Minas Consciente. As principais altera\u00e7\u00f5es, \u00a0v\u00e1lidas a partir deste s\u00e1bado (25\/7), foram apresentadas pelo secret\u00e1rio adjunto de\u00a0Desenvolvimento Econ\u00f4mico, Fernando Passalio. Atualmente, o Minas Consciente tem ades\u00e3o de 254 munic\u00edpios, representando um impacto em de 6,3 milh\u00f5es de mineiros.<\/p>\n<p>As macrorregi\u00f5es que possuem mais munic\u00edpios integrados ao plano s\u00e3o as regi\u00f5es Centro Sul, com 40 munic\u00edpios, Sudeste, com 57, Centro, com 34, e regi\u00e3o Noroeste, com 17 munic\u00edpios.<\/p>\n<p>Passalio informou, ainda, sobre o avan\u00e7o da macrorregi\u00e3o Tri\u00e2ngulo Sul, que segue agora para a onda branca. \u201cOs 27 munic\u00edpios dessa macro passam a contar com a abertura de auto escolas, lojas de artigos esportivos, floriculturas entre outros\u201d, detalha.<\/p>\n<p>J\u00e1 a macrorregi\u00e3o Leste do Sul avan\u00e7a para a onda amarela, passando a contar com a reabertura de sal\u00f5es de beleza, lojas de roupa, cal\u00e7ados, livrarias, papelarias dentre outros bens e servi\u00e7os abrangidos por essa onda.<\/p>\n<p>Com a atualiza\u00e7\u00e3o desta semana, encontram-se na onda verde do plano Minas Consciente as macrorregi\u00f5es Centro, Jequitinhonha, Leste, Nordeste, Oeste, Tri\u00e2ngulo Norte e Vale do A\u00e7o. Na onda branca, est\u00e3o as regi\u00f5es Centro Sul, Sudeste, Noroeste e Tri\u00e2ngulo Sul. J\u00e1 na onda amarela, est\u00e3o as macros Norte, Sul e Leste do Sul.<\/p>\n<p><strong>Fonte:\u00a0<\/strong>Ag\u00eancia Minas<\/p>\n","protected":false},"excerpt":{"rendered":"<p>Em Minas Gerais, at\u00e9 o momento, foram realizados 60.241 exames para o diagn\u00f3stico da covid-19 pelo Sistema \u00danico de Sa\u00fade (SUS). Sobre a testagem para covid-19 e o mercado produtor de insumos para esses testes, o secret\u00e1rio de Estado de\u00a0Sa\u00fade\u00a0de Minas Gerais, Carlos Eduardo Amaral, explicou na coletiva virtual desta quinta-feira (23\/7) que \u00e9 poss\u00edvel [&hellip;]<\/p>\n","protected":false},"author":96,"featured_media":164670,"comment_status":"closed","ping_status":"closed","sticky":false,"template":"","format":"standard","meta":{"footnotes":""},"categories":[436,252,439],"tags":[],"class_list":["post-165274","post","type-post","status-publish","format-standard","has-post-thumbnail","hentry","category-destaque-da-semana","category-regiao","category-ultima-hora"],"_links":{"self":[{"href":"https:\/\/diarioregionaldigital.com.br\/index.php?rest_route=\/wp\/v2\/posts\/165274","targetHints":{"allow":["GET"]}}],"collection":[{"href":"https:\/\/diarioregionaldigital.com.br\/index.php?rest_route=\/wp\/v2\/posts"}],"about":[{"href":"https:\/\/diarioregionaldigital.com.br\/index.php?rest_route=\/wp\/v2\/types\/post"}],"author":[{"embeddable":true,"href":"https:\/\/diarioregionaldigital.com.br\/index.php?rest_route=\/wp\/v2\/users\/96"}],"replies":[{"embeddable":true,"href":"https:\/\/diarioregionaldigital.com.br\/index.php?rest_route=%2Fwp%2Fv2%2Fcomments&post=165274"}],"version-history":[{"count":0,"href":"https:\/\/diarioregionaldigital.com.br\/index.php?rest_route=\/wp\/v2\/posts\/165274\/revisions"}],"wp:featuredmedia":[{"embeddable":true,"href":"https:\/\/diarioregionaldigital.com.br\/index.php?rest_route=\/wp\/v2\/media\/164670"}],"wp:attachment":[{"href":"https:\/\/diarioregionaldigital.com.br\/index.php?rest_route=%2Fwp%2Fv2%2Fmedia&parent=165274"}],"wp:term":[{"taxonomy":"category","embeddable":true,"href":"https:\/\/diarioregionaldigital.com.br\/index.php?rest_route=%2Fwp%2Fv2%2Fcategories&post=165274"},{"taxonomy":"post_tag","embeddable":true,"href":"https:\/\/diarioregionaldigital.com.br\/index.php?rest_route=%2Fwp%2Fv2%2Ftags&post=165274"}],"curies":[{"name":"wp","href":"https:\/\/api.w.org\/{rel}","templated":true}]}}