{"id":165271,"date":"2020-07-23T20:55:11","date_gmt":"2020-07-23T23:55:11","guid":{"rendered":"https:\/\/diarioregionaldigital.com.br\/?p=165271"},"modified":"2020-07-23T20:56:05","modified_gmt":"2020-07-23T23:56:05","slug":"juiz-de-fora-chega-a-marca-de-100-mortes-confirmadas-por-coronavirus","status":"publish","type":"post","link":"https:\/\/diarioregionaldigital.com.br\/?p=165271","title":{"rendered":"Juiz de Fora chega a marca de 100 mortes confirmadas por Coronav\u00edrus"},"content":{"rendered":"<p>O novo boletim divulgado nesta quinta-feira (23), pela Secretaria de Sa\u00fade (SS) da Prefeitura de Juiz de Fora (PJF), aponta que o munic\u00edpio chegou a marca de 100 mortes confirmadas por Coronav\u00edrus. Segundo levantamento, o munic\u00edpio teve mais 60 pessoas infectadas, contabilizando 3.224 casos confirmados. Com as atualiza\u00e7\u00f5es, casos suspeitos totalizam 12.146.<\/p>\n<p><strong>Leitos<\/strong><\/p>\n<p>Segundo informa\u00e7\u00f5es da PJF, os leitos de enfermaria est\u00e3o com 58,47% de ocupa\u00e7\u00e3o. J\u00e1 os os leitos de UTI e SUS, est\u00e3o com taxa de 74,64% e 81,42% respectivamente.<\/p>\n","protected":false},"excerpt":{"rendered":"<p>O novo boletim divulgado nesta quinta-feira (23), pela Secretaria de Sa\u00fade (SS) da Prefeitura de Juiz de Fora (PJF), aponta que o munic\u00edpio chegou a marca de 100 mortes confirmadas por Coronav\u00edrus. Segundo levantamento, o munic\u00edpio teve mais 60 pessoas infectadas, contabilizando 3.224 casos confirmados. Com as atualiza\u00e7\u00f5es, casos suspeitos totalizam 12.146. Leitos Segundo informa\u00e7\u00f5es [&hellip;]<\/p>\n","protected":false},"author":96,"featured_media":162518,"comment_status":"closed","ping_status":"closed","sticky":false,"template":"","format":"standard","meta":{"footnotes":""},"categories":[253,436,440,439],"tags":[],"class_list":["post-165271","post","type-post","status-publish","format-standard","has-post-thumbnail","hentry","category-cidade","category-destaque-da-semana","category-destaques-do-dia","category-ultima-hora"],"_links":{"self":[{"href":"https:\/\/diarioregionaldigital.com.br\/index.php?rest_route=\/wp\/v2\/posts\/165271","targetHints":{"allow":["GET"]}}],"collection":[{"href":"https:\/\/diarioregionaldigital.com.br\/index.php?rest_route=\/wp\/v2\/posts"}],"about":[{"href":"https:\/\/diarioregionaldigital.com.br\/index.php?rest_route=\/wp\/v2\/types\/post"}],"author":[{"embeddable":true,"href":"https:\/\/diarioregionaldigital.com.br\/index.php?rest_route=\/wp\/v2\/users\/96"}],"replies":[{"embeddable":true,"href":"https:\/\/diarioregionaldigital.com.br\/index.php?rest_route=%2Fwp%2Fv2%2Fcomments&post=165271"}],"version-history":[{"count":0,"href":"https:\/\/diarioregionaldigital.com.br\/index.php?rest_route=\/wp\/v2\/posts\/165271\/revisions"}],"wp:featuredmedia":[{"embeddable":true,"href":"https:\/\/diarioregionaldigital.com.br\/index.php?rest_route=\/wp\/v2\/media\/162518"}],"wp:attachment":[{"href":"https:\/\/diarioregionaldigital.com.br\/index.php?rest_route=%2Fwp%2Fv2%2Fmedia&parent=165271"}],"wp:term":[{"taxonomy":"category","embeddable":true,"href":"https:\/\/diarioregionaldigital.com.br\/index.php?rest_route=%2Fwp%2Fv2%2Fcategories&post=165271"},{"taxonomy":"post_tag","embeddable":true,"href":"https:\/\/diarioregionaldigital.com.br\/index.php?rest_route=%2Fwp%2Fv2%2Ftags&post=165271"}],"curies":[{"name":"wp","href":"https:\/\/api.w.org\/{rel}","templated":true}]}}