{"id":165268,"date":"2020-07-23T20:46:34","date_gmt":"2020-07-23T23:46:34","guid":{"rendered":"https:\/\/diarioregionaldigital.com.br\/?p=165268"},"modified":"2020-07-23T20:46:34","modified_gmt":"2020-07-23T23:46:34","slug":"covid-19-brasil-registra-59-962-novos-casos-em-24-horas","status":"publish","type":"post","link":"https:\/\/diarioregionaldigital.com.br\/?p=165268","title":{"rendered":"Covid-19: Brasil registra 59.962 novos casos em 24 horas"},"content":{"rendered":"<p>Dados do Minist\u00e9rio da Sa\u00fade mostram que dos 2,22 milh\u00f5es de brasileiros que foram infectados pelo novo coronav\u00edrus, 68,6% se recuperaram da doen\u00e7a, 3,7% morreram e 27,7% est\u00e3o em tratamento.\u00a0A informa\u00e7\u00e3o est\u00e1 na\u00a0atualiza\u00e7\u00e3o di\u00e1ria do Minist\u00e9rio da Sa\u00fade, divulgada hoje (23).\u00a0<img decoding=\"async\" src=\"https:\/\/agenciabrasil.ebc.com.br\/ebc.png?id=1312192&amp;o=node\" \/><\/p>\n<p>O n\u00famero acumulado de casos confirmados de covid-19 no Brasil chega a\u00a02.228.475. Nas \u00faltimas 24 horas, foram acrescidas \u00e0s estat\u00edsticas do Minist\u00e9rio da Sa\u00fade 59.962 novos diagn\u00f3sticos positivos da doen\u00e7a.<\/p>\n<p>O pa\u00eds\u00a0chegou a 84.082 mortes por causa pelo\u00a0novo coronav\u00edrus. De acordo com o balan\u00e7o do minist\u00e9rio, foram 1.311 \u00f3bitos registrados nas \u00faltimas 24 horas.\u00a0Est\u00e3o sendo investigadas 3.786 mortes.<\/p>\n<p>At\u00e9 agora, 1.570.237 pacientes se recuperaram da doen\u00e7a\u00a0e\u00a0 633.156 pessoas est\u00e3o em tratamento.<\/p>\n<p>O Brasil ocupa o\u00a02\u00ba lugar no\u00a0<em>ranking<\/em>\u00a0mundial da covid-19 no n\u00famero de casos confirmados e de mortes, atr\u00e1s apenas dos Estados Unidos, que bateu a marca de 4 milh\u00f5es de infectados e 144.032 \u00f3bitos em decoor\u00eancia do novo coronav\u00edrus.<\/p>\n<p><strong>Covid-19 nos estados<\/strong><\/p>\n<p>Os estados com mais registros de mortes por covid-19 s\u00e3o: S\u00e3o Paulo (20.894), Rio de Janeiro (12.535), Cear\u00e1 (7.374), Pernambuco (6.211) e Par\u00e1 (5.616). As Unidades da Federa\u00e7\u00e3o com menos falecimentos causados pelo novo coronav\u00edrus\u00a0s\u00e3o: Mato Grosso do Sul (266), Tocantins (326), Roraima (458), Acre (474) e Amap\u00e1 (548).<\/p>\n<p>Os estados com mais casos confirmados desde o in\u00edcio da pandemia s\u00e3o: S\u00e3o Paulo (452.007), Cear\u00e1 (156.242), Rio de Janeiro (151.549), Par\u00e1 (144.467) e Bahia (138.358). As Unidades da Federa\u00e7\u00e3o com menos pessoas infectadas registradas s\u00e3o: Mato Grosso do Sul (19.671), Tocantins (19.423), Acre (18.157), Roraima (27.932) e Rond\u00f4nia (34.080).<\/p>\n<p><strong>Fonte:\u00a0<\/strong>Ag\u00eancia Brasil<\/p>\n","protected":false},"excerpt":{"rendered":"<p>Dados do Minist\u00e9rio da Sa\u00fade mostram que dos 2,22 milh\u00f5es de brasileiros que foram infectados pelo novo coronav\u00edrus, 68,6% se recuperaram da doen\u00e7a, 3,7% morreram e 27,7% est\u00e3o em tratamento.\u00a0A informa\u00e7\u00e3o est\u00e1 na\u00a0atualiza\u00e7\u00e3o di\u00e1ria do Minist\u00e9rio da Sa\u00fade, divulgada hoje (23).\u00a0 O n\u00famero acumulado de casos confirmados de covid-19 no Brasil chega a\u00a02.228.475. Nas \u00faltimas [&hellip;]<\/p>\n","protected":false},"author":96,"featured_media":165269,"comment_status":"closed","ping_status":"closed","sticky":false,"template":"","format":"standard","meta":{"footnotes":""},"categories":[302,436,440,439],"tags":[],"class_list":["post-165268","post","type-post","status-publish","format-standard","has-post-thumbnail","hentry","category-brasil-mundo","category-destaque-da-semana","category-destaques-do-dia","category-ultima-hora"],"_links":{"self":[{"href":"https:\/\/diarioregionaldigital.com.br\/index.php?rest_route=\/wp\/v2\/posts\/165268","targetHints":{"allow":["GET"]}}],"collection":[{"href":"https:\/\/diarioregionaldigital.com.br\/index.php?rest_route=\/wp\/v2\/posts"}],"about":[{"href":"https:\/\/diarioregionaldigital.com.br\/index.php?rest_route=\/wp\/v2\/types\/post"}],"author":[{"embeddable":true,"href":"https:\/\/diarioregionaldigital.com.br\/index.php?rest_route=\/wp\/v2\/users\/96"}],"replies":[{"embeddable":true,"href":"https:\/\/diarioregionaldigital.com.br\/index.php?rest_route=%2Fwp%2Fv2%2Fcomments&post=165268"}],"version-history":[{"count":0,"href":"https:\/\/diarioregionaldigital.com.br\/index.php?rest_route=\/wp\/v2\/posts\/165268\/revisions"}],"wp:featuredmedia":[{"embeddable":true,"href":"https:\/\/diarioregionaldigital.com.br\/index.php?rest_route=\/wp\/v2\/media\/165269"}],"wp:attachment":[{"href":"https:\/\/diarioregionaldigital.com.br\/index.php?rest_route=%2Fwp%2Fv2%2Fmedia&parent=165268"}],"wp:term":[{"taxonomy":"category","embeddable":true,"href":"https:\/\/diarioregionaldigital.com.br\/index.php?rest_route=%2Fwp%2Fv2%2Fcategories&post=165268"},{"taxonomy":"post_tag","embeddable":true,"href":"https:\/\/diarioregionaldigital.com.br\/index.php?rest_route=%2Fwp%2Fv2%2Ftags&post=165268"}],"curies":[{"name":"wp","href":"https:\/\/api.w.org\/{rel}","templated":true}]}}