{"id":165266,"date":"2020-07-23T20:40:37","date_gmt":"2020-07-23T23:40:37","guid":{"rendered":"https:\/\/diarioregionaldigital.com.br\/?p=165266"},"modified":"2020-07-23T20:40:37","modified_gmt":"2020-07-23T23:40:37","slug":"covid-19-nota-prefeitura-de-juiz-de-fora","status":"publish","type":"post","link":"https:\/\/diarioregionaldigital.com.br\/?p=165266","title":{"rendered":"Covid-19 &#8211; Nota Prefeitura de Juiz de Fora"},"content":{"rendered":"<div id=\"box_texto_noticia\">Juiz de Fora registra nesta quinta-feira, 23, o cent\u00e9simo \u00f3bito por covid-19. S\u00e3o 50 homens e 50 mulheres, pessoas que fazem parte da hist\u00f3ria da cidade, local que escolheram para construir suas vidas.<\/p>\n<p>Desde mar\u00e7o, quando foi registrado o primeiro \u00f3bito na cidade, os profissionais de sa\u00fade, os volunt\u00e1rios e grande parte dos servidores municipais trabalham de forma ininterrupta e incans\u00e1vel no enfrentamento \u00e0 doen\u00e7a. Isso, \u00e9 claro, n\u00e3o reduz a dor da separa\u00e7\u00e3o, mas demonstra que nenhuma pessoa, em Juiz de Fora, veio a \u00f3bito ou teve agravado seu quadro cl\u00ednico por falta de assist\u00eancia.<\/p>\n<p>Assim, a Prefeitura de Juiz de Fora (PJF) manifesta aqui sua solidariedade e condol\u00eancias a todos que perderam alguma pessoa querida. Eles e elas ser\u00e3o sempre familiares, amigos e amores de algu\u00e9m. E assim ser\u00e3o sempre lembrados e lembradas.<\/p><\/div>\n<p><strong>Fonte:\u00a0<\/strong>Assessoria<\/p>\n<div id=\"box_compartilhar\" align=\"right\"><\/div>\n<div align=\"right\"><\/div>\n","protected":false},"excerpt":{"rendered":"<p>Juiz de Fora registra nesta quinta-feira, 23, o cent\u00e9simo \u00f3bito por covid-19. S\u00e3o 50 homens e 50 mulheres, pessoas que fazem parte da hist\u00f3ria da cidade, local que escolheram para construir suas vidas. Desde mar\u00e7o, quando foi registrado o primeiro \u00f3bito na cidade, os profissionais de sa\u00fade, os volunt\u00e1rios e grande parte dos servidores municipais [&hellip;]<\/p>\n","protected":false},"author":96,"featured_media":164221,"comment_status":"closed","ping_status":"closed","sticky":false,"template":"","format":"standard","meta":{"footnotes":""},"categories":[253,436,440,439],"tags":[],"class_list":["post-165266","post","type-post","status-publish","format-standard","has-post-thumbnail","hentry","category-cidade","category-destaque-da-semana","category-destaques-do-dia","category-ultima-hora"],"_links":{"self":[{"href":"https:\/\/diarioregionaldigital.com.br\/index.php?rest_route=\/wp\/v2\/posts\/165266","targetHints":{"allow":["GET"]}}],"collection":[{"href":"https:\/\/diarioregionaldigital.com.br\/index.php?rest_route=\/wp\/v2\/posts"}],"about":[{"href":"https:\/\/diarioregionaldigital.com.br\/index.php?rest_route=\/wp\/v2\/types\/post"}],"author":[{"embeddable":true,"href":"https:\/\/diarioregionaldigital.com.br\/index.php?rest_route=\/wp\/v2\/users\/96"}],"replies":[{"embeddable":true,"href":"https:\/\/diarioregionaldigital.com.br\/index.php?rest_route=%2Fwp%2Fv2%2Fcomments&post=165266"}],"version-history":[{"count":0,"href":"https:\/\/diarioregionaldigital.com.br\/index.php?rest_route=\/wp\/v2\/posts\/165266\/revisions"}],"wp:featuredmedia":[{"embeddable":true,"href":"https:\/\/diarioregionaldigital.com.br\/index.php?rest_route=\/wp\/v2\/media\/164221"}],"wp:attachment":[{"href":"https:\/\/diarioregionaldigital.com.br\/index.php?rest_route=%2Fwp%2Fv2%2Fmedia&parent=165266"}],"wp:term":[{"taxonomy":"category","embeddable":true,"href":"https:\/\/diarioregionaldigital.com.br\/index.php?rest_route=%2Fwp%2Fv2%2Fcategories&post=165266"},{"taxonomy":"post_tag","embeddable":true,"href":"https:\/\/diarioregionaldigital.com.br\/index.php?rest_route=%2Fwp%2Fv2%2Ftags&post=165266"}],"curies":[{"name":"wp","href":"https:\/\/api.w.org\/{rel}","templated":true}]}}